{"id":19596,"date":"2021-10-21T16:32:04","date_gmt":"2021-10-21T21:32:04","guid":{"rendered":"https:\/\/encuentroinformativo.com.mx\/?p=19596"},"modified":"2021-10-21T16:32:12","modified_gmt":"2021-10-21T21:32:12","slug":"el-mayor-numero-de-analfabetas-en-veracruz-son-mujeres-ivea","status":"publish","type":"post","link":"https:\/\/encuentroinformativo.com.mx\/?p=19596","title":{"rendered":"El mayor n\u00famero de analfabetas en Veracruz son mujeres: IVEA"},"content":{"rendered":"\n<p><strong>Alejandro \u00c1vila<\/strong><\/p>\n\n\n\n<p>Boca del R\u00edo, Ver.- Los municipios de Santiago Tuxtla y San Andr\u00e9s Tuxtla ocupan el primer lugar en analfabetismo con m\u00e1s de 22 mil personas, Xalapa con 12 mil personas ocupa el segundo lugar y, C\u00f3rdoba y Orizaba est\u00e1n en tercer lugar con 10 mil personas, inform\u00f3 Hector Amezcua Cardiel director general del IVEA.<\/p>\n\n\n\n<p>&#8220;Quiero se\u00f1alar esto, la mayor\u00eda de las personas analfabetas son mujeres, por eso es que nosotros tambi\u00e9n estamos introduciendo en la metodolog\u00eda, la perspectiva de g\u00e9nero. Tenemos un programa de &#8216;Mujeres Alfabetizando Mujeres&#8217;, y ah\u00ed vamos a pedir el apoyo de muchas profesoras, de muchos estudiantes, mujeres especialmente que est\u00e9n terminando el bachillerato o que est\u00e9n haciendo su servicio social en universidades o en institutos tecnol\u00f3gicos, en todo el gran subsistema educativo que tiene el Estado de Veracruz&#8221;<\/p>\n\n\n\n<p>Expres\u00f3 que este deficit en el analfabetismo de las mujeres se debe a un problema social, debido a que en zonas rurales del Estado de Veracruz existe un bajo empoderamiento de las mujeres, debido a la amplitud de las familias y el machismo.<\/p>\n\n\n\n<p>&#8220;Ah\u00ed las mujeres se embarazan de muy adolescentes, porque es una manera a su vez de, digamos, no empobrecer a su familia paterna. Entonces, ni les dan educacion, y el camino o la estrategia de vida que siguen es, embarazarse a los 12 a\u00f1os, son familias muy grandes, tenemos muchachas de 20 a\u00f1os que tienen 6 ni\u00f1os y no han tenido alfabetizacion. Entonces en esa zona nos vamos a meter&#8221;, resalt\u00f3.<\/p>\n\n\n\n<p>Expuso que en zonas ind\u00edgenas, cerca del 80 por ciento de las mujeres no sabe leer y escribir; mientras que en las zonas de alta marginaci\u00f3n est\u00e1n entre el 60 y 65 por ciento.<\/p>\n\n\n\n<p>&#8220;En las zonas obreras tambi\u00e9n, es que las zonas obras son zonas indigenas, mujeres de alta marginaci\u00f3n que bajan a conseguir trabajo. Lo tengo muy claro, a un lado de Perote, en donde est\u00e1 la zona de producci\u00f3n de mezclilla, Altotonga, ah\u00ed las mujeres entran a las 7 de la ma\u00f1ana, salen a las 7 y a esa hora les estamos dando nosotros atenci\u00f3n, a las 7 de la noche&#8221;, remat\u00f3.<\/p>\n","protected":false},"excerpt":{"rendered":"<p>Alejandro \u00c1vila Boca del R\u00edo, Ver.- Los municipios de Santiago Tuxtla y San Andr\u00e9s Tuxtla ocupan el primer lugar en analfabetismo con m\u00e1s de 22 mil personas, Xalapa con 12 mil personas ocupa el segundo lugar y, C\u00f3rdoba y Orizaba est\u00e1n en tercer lugar con 10 mil personas, inform\u00f3 Hector Amezcua Cardiel director general del [&hellip;]<\/p>\n","protected":false},"author":1,"featured_media":19597,"comment_status":"open","ping_status":"open","sticky":false,"template":"","format":"standard","meta":{"_jetpack_memberships_contains_paid_content":false,"footnotes":""},"categories":[2],"tags":[],"class_list":["post-19596","post","type-post","status-publish","format-standard","has-post-thumbnail","hentry","category-estado"],"jetpack_featured_media_url":"https:\/\/encuentroinformativo.com.mx\/wp-content\/uploads\/2021\/10\/AD6E5699-2D58-4600-8A35-6FC8A50414E3.jpeg","jetpack_sharing_enabled":true,"jetpack_likes_enabled":true,"amp_enabled":true,"_links":{"self":[{"href":"https:\/\/encuentroinformativo.com.mx\/index.php?rest_route=\/wp\/v2\/posts\/19596","targetHints":{"allow":["GET"]}}],"collection":[{"href":"https:\/\/encuentroinformativo.com.mx\/index.php?rest_route=\/wp\/v2\/posts"}],"about":[{"href":"https:\/\/encuentroinformativo.com.mx\/index.php?rest_route=\/wp\/v2\/types\/post"}],"author":[{"embeddable":true,"href":"https:\/\/encuentroinformativo.com.mx\/index.php?rest_route=\/wp\/v2\/users\/1"}],"replies":[{"embeddable":true,"href":"https:\/\/encuentroinformativo.com.mx\/index.php?rest_route=%2Fwp%2Fv2%2Fcomments&post=19596"}],"version-history":[{"count":1,"href":"https:\/\/encuentroinformativo.com.mx\/index.php?rest_route=\/wp\/v2\/posts\/19596\/revisions"}],"predecessor-version":[{"id":19598,"href":"https:\/\/encuentroinformativo.com.mx\/index.php?rest_route=\/wp\/v2\/posts\/19596\/revisions\/19598"}],"wp:featuredmedia":[{"embeddable":true,"href":"https:\/\/encuentroinformativo.com.mx\/index.php?rest_route=\/wp\/v2\/media\/19597"}],"wp:attachment":[{"href":"https:\/\/encuentroinformativo.com.mx\/index.php?rest_route=%2Fwp%2Fv2%2Fmedia&parent=19596"}],"wp:term":[{"taxonomy":"category","embeddable":true,"href":"https:\/\/encuentroinformativo.com.mx\/index.php?rest_route=%2Fwp%2Fv2%2Fcategories&post=19596"},{"taxonomy":"post_tag","embeddable":true,"href":"https:\/\/encuentroinformativo.com.mx\/index.php?rest_route=%2Fwp%2Fv2%2Ftags&post=19596"}],"curies":[{"name":"wp","href":"https:\/\/api.w.org\/{rel}","templated":true}]}}