{"id":19599,"date":"2021-10-21T16:41:59","date_gmt":"2021-10-21T21:41:59","guid":{"rendered":"https:\/\/encuentroinformativo.com.mx\/?p=19599"},"modified":"2021-10-21T16:42:05","modified_gmt":"2021-10-21T21:42:05","slug":"ante-proxima-consulta-podria-detenerse-afiliacion-a-65-y-mas","status":"publish","type":"post","link":"https:\/\/encuentroinformativo.com.mx\/?p=19599","title":{"rendered":"Ante pr\u00f3xima consulta, podr\u00eda detenerse afiliaci\u00f3n a \u201c65 y m\u00e1s\u201d"},"content":{"rendered":"\n<p><strong>Alejandro \u00c1vila<\/strong><\/p>\n\n\n\n<p>Veracruz, Ver. \u2013 El delegado federal, Manuel Huerta Ladr\u00f3n de Guevara, mencion\u00f3 que la incorporaci\u00f3n de adultos mayores al programa \u201c65 y m\u00e1s\u201d se planteo en cinco etapas, de las m\u00e1s pobres a las menos pobres, donde a la fecha ya han cumplido tres etapas en la entidad veracruzana.<\/p>\n\n\n\n<p>Mencion\u00f3 que en todo el Estado de Veracruz se abrieron 15 puntos de registro de adultos mayores, mismos que pueden revisar en la p\u00e1gina\u00a0ubicatumodulo.bienestar.com.mx\u00a0donde se les informar\u00e1 cual es el punto m\u00e1s cercano.<\/p>\n\n\n\n<p>\u201cComo es posible que se autorice un ejercicio de revocaci\u00f3n de mandato el pr\u00f3ximo a\u00f1o, y ante la posibilidad que el INE nos diga paren sus incorporaciones, se ha decidido acelerar y estamos llamando a los de la quinta etapa y a todos a que ya se inscriban los que falten. Estamos haciendo una amplia difusi\u00f3n en todo el Estado\u201d, subray\u00f3.<\/p>\n\n\n\n<p>El funcionario federal aclar\u00f3 que los cobros se hacen por etapas, es decir, la primera etapa, que es el grupo m\u00e1s vulnerable ser\u00e1 los que cobren primero, y as\u00ed consecutivamente hasta completar todas las etapas.<\/p>\n\n\n\n<p>\u201cHoy los que se incorporen en la cuarta o quinta etapa, probablemente no les va a tocar su pago este a\u00f1o, sino ser\u00e1 cuando estaba proyectado, el pr\u00f3ximo presupuesto, que se tiene que generar y que ya va a incluir a todos, pero lo quisimos hacer y adelantar, porque si no, si nos esper\u00e1bamos al mes de enero, probablemente pues ya no les iba a tocar en el primer bimestre\u201d, finaliz\u00f3.<\/p>\n","protected":false},"excerpt":{"rendered":"<p>Alejandro \u00c1vila Veracruz, Ver. \u2013 El delegado federal, Manuel Huerta Ladr\u00f3n de Guevara, mencion\u00f3 que la incorporaci\u00f3n de adultos mayores al programa \u201c65 y m\u00e1s\u201d se planteo en cinco etapas, de las m\u00e1s pobres a las menos pobres, donde a la fecha ya han cumplido tres etapas en la entidad veracruzana. Mencion\u00f3 que en todo [&hellip;]<\/p>\n","protected":false},"author":1,"featured_media":19600,"comment_status":"open","ping_status":"open","sticky":false,"template":"","format":"standard","meta":{"_jetpack_memberships_contains_paid_content":false,"footnotes":""},"categories":[2],"tags":[],"class_list":["post-19599","post","type-post","status-publish","format-standard","has-post-thumbnail","hentry","category-estado"],"jetpack_featured_media_url":"https:\/\/encuentroinformativo.com.mx\/wp-content\/uploads\/2021\/10\/473694B9-DB28-4043-82A0-236CD3F2F50A.jpeg","jetpack_sharing_enabled":true,"jetpack_likes_enabled":true,"amp_enabled":true,"_links":{"self":[{"href":"https:\/\/encuentroinformativo.com.mx\/index.php?rest_route=\/wp\/v2\/posts\/19599","targetHints":{"allow":["GET"]}}],"collection":[{"href":"https:\/\/encuentroinformativo.com.mx\/index.php?rest_route=\/wp\/v2\/posts"}],"about":[{"href":"https:\/\/encuentroinformativo.com.mx\/index.php?rest_route=\/wp\/v2\/types\/post"}],"author":[{"embeddable":true,"href":"https:\/\/encuentroinformativo.com.mx\/index.php?rest_route=\/wp\/v2\/users\/1"}],"replies":[{"embeddable":true,"href":"https:\/\/encuentroinformativo.com.mx\/index.php?rest_route=%2Fwp%2Fv2%2Fcomments&post=19599"}],"version-history":[{"count":1,"href":"https:\/\/encuentroinformativo.com.mx\/index.php?rest_route=\/wp\/v2\/posts\/19599\/revisions"}],"predecessor-version":[{"id":19601,"href":"https:\/\/encuentroinformativo.com.mx\/index.php?rest_route=\/wp\/v2\/posts\/19599\/revisions\/19601"}],"wp:featuredmedia":[{"embeddable":true,"href":"https:\/\/encuentroinformativo.com.mx\/index.php?rest_route=\/wp\/v2\/media\/19600"}],"wp:attachment":[{"href":"https:\/\/encuentroinformativo.com.mx\/index.php?rest_route=%2Fwp%2Fv2%2Fmedia&parent=19599"}],"wp:term":[{"taxonomy":"category","embeddable":true,"href":"https:\/\/encuentroinformativo.com.mx\/index.php?rest_route=%2Fwp%2Fv2%2Fcategories&post=19599"},{"taxonomy":"post_tag","embeddable":true,"href":"https:\/\/encuentroinformativo.com.mx\/index.php?rest_route=%2Fwp%2Fv2%2Ftags&post=19599"}],"curies":[{"name":"wp","href":"https:\/\/api.w.org\/{rel}","templated":true}]}}