{"id":1961,"date":"2020-04-19T19:08:48","date_gmt":"2020-04-20T00:08:48","guid":{"rendered":"https:\/\/encuentroinformativo.com\/?p=1961"},"modified":"2020-04-19T19:08:58","modified_gmt":"2020-04-20T00:08:58","slug":"disminuye-afluente-de-rios-en-veracruz","status":"publish","type":"post","link":"https:\/\/encuentroinformativo.com.mx\/?p=1961","title":{"rendered":"Disminuye afluente de r\u00edos en Veracruz"},"content":{"rendered":"\n<p><strong>Juan Arcos<\/strong> <\/p>\n\n\n\n<p>Xalapa, Ver.- Diversos r\u00edos de la entidad veracruzana presentan una disminuci\u00f3n considerable en sus niveles, durante esta temporada.<\/p>\n\n\n\n<p>As\u00ed lo revel\u00f3 la meteor\u00f3loga del Organismo de Cuenca Golfo Centro de la Comisi\u00f3n Nacional del Agua (Conagua), Jessica Iveth Luna Lagunes.<\/p>\n\n\n\n<p>La especialista indic\u00f3 que los niveles del agua se encuentran por debajo de la media en la cuenca de los r\u00edos P\u00e1nuco, Actopan, Antigua, Jamapa y Cotaxtla.<\/p>\n\n\n\n<p>\u201cSon pr\u00e1cticamente las cuencas que han venido sufriendo un poco m\u00e1s el d\u00e9ficit de lluvias desde el a\u00f1o 2019\u201d.<\/p>\n\n\n\n<p>Los niveles de los r\u00edos han bajado uno o dos metros durante este mes.<\/p>\n\n\n\n<p>\u201cPero recordar que estamos dentro de la temporada de estiaje. Estad\u00edsticamente abril y mayo son los meses m\u00e1s complicados en situaci\u00f3n de los niveles de los r\u00edos, debido a la falta de agua\u201d.<\/p>\n\n\n\n<p>Luna Lagunes a\u00f1adi\u00f3 que la situaci\u00f3n se ha complicado a\u00fan m\u00e1s por la sequ\u00eda meteorol\u00f3gica.<\/p>\n\n\n\n<p>En ese sentido, se vislumbra un escenario dif\u00edcil para la entidad veracruzana por sequ\u00eda, durante este a\u00f1o.<\/p>\n\n\n\n<p><\/p>\n","protected":false},"excerpt":{"rendered":"<p>Juan Arcos Xalapa, Ver.- Diversos r\u00edos de la entidad veracruzana presentan una disminuci\u00f3n considerable en sus niveles, durante esta temporada. As\u00ed lo revel\u00f3 la meteor\u00f3loga del Organismo de Cuenca Golfo Centro de la Comisi\u00f3n Nacional del Agua (Conagua), Jessica Iveth Luna Lagunes. La especialista indic\u00f3 que los niveles del agua se encuentran por debajo de [&hellip;]<\/p>\n","protected":false},"author":1,"featured_media":1962,"comment_status":"open","ping_status":"open","sticky":false,"template":"","format":"standard","meta":{"_jetpack_memberships_contains_paid_content":false,"footnotes":""},"categories":[2],"tags":[],"class_list":["post-1961","post","type-post","status-publish","format-standard","has-post-thumbnail","hentry","category-estado"],"jetpack_featured_media_url":"https:\/\/encuentroinformativo.com.mx\/wp-content\/uploads\/2020\/04\/BCE00C8D-63E3-473F-91C4-C0FAE84D0196.jpeg","jetpack_sharing_enabled":true,"jetpack_likes_enabled":true,"amp_enabled":true,"_links":{"self":[{"href":"https:\/\/encuentroinformativo.com.mx\/index.php?rest_route=\/wp\/v2\/posts\/1961","targetHints":{"allow":["GET"]}}],"collection":[{"href":"https:\/\/encuentroinformativo.com.mx\/index.php?rest_route=\/wp\/v2\/posts"}],"about":[{"href":"https:\/\/encuentroinformativo.com.mx\/index.php?rest_route=\/wp\/v2\/types\/post"}],"author":[{"embeddable":true,"href":"https:\/\/encuentroinformativo.com.mx\/index.php?rest_route=\/wp\/v2\/users\/1"}],"replies":[{"embeddable":true,"href":"https:\/\/encuentroinformativo.com.mx\/index.php?rest_route=%2Fwp%2Fv2%2Fcomments&post=1961"}],"version-history":[{"count":1,"href":"https:\/\/encuentroinformativo.com.mx\/index.php?rest_route=\/wp\/v2\/posts\/1961\/revisions"}],"predecessor-version":[{"id":1963,"href":"https:\/\/encuentroinformativo.com.mx\/index.php?rest_route=\/wp\/v2\/posts\/1961\/revisions\/1963"}],"wp:featuredmedia":[{"embeddable":true,"href":"https:\/\/encuentroinformativo.com.mx\/index.php?rest_route=\/wp\/v2\/media\/1962"}],"wp:attachment":[{"href":"https:\/\/encuentroinformativo.com.mx\/index.php?rest_route=%2Fwp%2Fv2%2Fmedia&parent=1961"}],"wp:term":[{"taxonomy":"category","embeddable":true,"href":"https:\/\/encuentroinformativo.com.mx\/index.php?rest_route=%2Fwp%2Fv2%2Fcategories&post=1961"},{"taxonomy":"post_tag","embeddable":true,"href":"https:\/\/encuentroinformativo.com.mx\/index.php?rest_route=%2Fwp%2Fv2%2Ftags&post=1961"}],"curies":[{"name":"wp","href":"https:\/\/api.w.org\/{rel}","templated":true}]}}