{"id":19615,"date":"2021-10-22T14:17:41","date_gmt":"2021-10-22T19:17:41","guid":{"rendered":"https:\/\/encuentroinformativo.com.mx\/?p=19615"},"modified":"2021-10-22T14:17:45","modified_gmt":"2021-10-22T19:17:45","slug":"san-rafael-tendra-festejos-presenciales-iglesia","status":"publish","type":"post","link":"https:\/\/encuentroinformativo.com.mx\/?p=19615","title":{"rendered":"San Rafael, tendr\u00e1 festejos presenciales: Iglesia"},"content":{"rendered":"\n<p>Dar\u00edo Pale <\/p>\n\n\n\n<p>Xalapa, Ver.- El vocero de la Arquidi\u00f3cesis de Xalapa, Jos\u00e9 Manuel Suazo Reyes, dio a conocer que las festividades de San Rafael Gu\u00edzar son presenciales, con aforos cuidado y se llevar\u00e1 a cabo levantamiento de arco floral el 24 por la madrugada.<\/p>\n\n\n\n<p>En entrevista telef\u00f3nica dio a conocer que con la intenci\u00f3n de llevar a cabo la fiesta lit\u00fargica de San Rafael Gu\u00edzar y Valencia, en la Catedral Metropolitana de Xalapa, se llevar\u00e1n a cabo diversas peregrinaciones y celebraciones presenciales.<\/p>\n\n\n\n<p>Dio a conocer que el calendario lit\u00fargico presenta este 24 de octubre para festejar al santo reconocido por toda la iglesia universal y destac\u00f3 que debido a la pandemia se han organizado una serie de festejos y de celebraciones durante un novenario desde el 16 de este mes y hasta el d\u00eda 24.<\/p>\n\n\n\n<p>Inform\u00f3 que durante todos estos d\u00edas ha habido ya diversas peregrinaciones en la Catedral, por ejemplo el Seminario de Orizaba, grupos de fieles de Xalapa, la Adoraci\u00f3n Nocturna, la Codal, entre otros.<\/p>\n\n\n\n<p>&#8220;Se han organizado una serie de festejos y celebraciones durante un novenario desde el 16 de octubre y hasta el 24, se har\u00e1n eventos que la pandemia nos permita celebrar. Todos estos estos d\u00edas ha habido peregrinaciones, fieles organizados.\u00a0Hay celebraciones abiertas a la gente con las medidas sanitarias que nos recomiendan, tenemos que cuidar el aforo permitido al interior del templo, el uso del cubrebocas, gel antibacterial, la sana distancia&#8221;, subray\u00f3.<\/p>\n\n\n\n<p>En relaci\u00f3n al n\u00famero de peregrinaciones que se esperan, dijo que no tienen el dato preciso porque la situaci\u00f3n de la pandemia ha cambiado las cosas, lo que s\u00ed saben es que est\u00e1n agendadas peregrinaciones de grupos eclesi\u00e1sticos para este 23 de octubre de Coatepec y Teocelo.<\/p>\n\n\n\n<p>Record\u00f3 que no todos podr\u00e1n ingresar a la Catedral al mismo tiempo, se har\u00e1 por goteo, pero estar\u00e1 abierto para que la gente pueda visitar la tumba de San Rafael en diversos horarios a lo largo del d\u00eda.<\/p>\n\n\n\n<p>Suazo Reyes enfatiz\u00f3 que el 24 de octubre, a las 4 de la madrugada se llevar\u00e1 a cabo el levantamiento del arco floral como siempre se ha hecho y este lo hacen los fieles de Teocelo y Coatepec.<\/p>\n\n\n\n<p>Finalmente dio a conocer que, &#8220;todo est\u00e1 programado, va a haber proyecci\u00f3n de todos estos eventos a trav\u00e9s de nuestras plataformas digitales. Tenemos que cuidar la salud de todos, recomendamos que sigan las indicaciones de las autoridades sanitarias&#8221;.<\/p>\n\n\n\n<figure class=\"wp-block-image size-large\"><img loading=\"lazy\" decoding=\"async\" width=\"682\" height=\"1024\" src=\"https:\/\/encuentroinformativo.com.mx\/wp-content\/uploads\/2021\/10\/CDAEB6EC-07AC-4269-8CA8-B76B98EABEA2-682x1024.jpeg\" alt=\"\" class=\"wp-image-19617\" srcset=\"https:\/\/encuentroinformativo.com.mx\/wp-content\/uploads\/2021\/10\/CDAEB6EC-07AC-4269-8CA8-B76B98EABEA2-682x1024.jpeg 682w, https:\/\/encuentroinformativo.com.mx\/wp-content\/uploads\/2021\/10\/CDAEB6EC-07AC-4269-8CA8-B76B98EABEA2-200x300.jpeg 200w, https:\/\/encuentroinformativo.com.mx\/wp-content\/uploads\/2021\/10\/CDAEB6EC-07AC-4269-8CA8-B76B98EABEA2-768x1152.jpeg 768w, https:\/\/encuentroinformativo.com.mx\/wp-content\/uploads\/2021\/10\/CDAEB6EC-07AC-4269-8CA8-B76B98EABEA2.jpeg 853w\" sizes=\"auto, (max-width: 682px) 100vw, 682px\" \/><\/figure>\n","protected":false},"excerpt":{"rendered":"<p>Dar\u00edo Pale Xalapa, Ver.- El vocero de la Arquidi\u00f3cesis de Xalapa, Jos\u00e9 Manuel Suazo Reyes, dio a conocer que las festividades de San Rafael Gu\u00edzar son presenciales, con aforos cuidado y se llevar\u00e1 a cabo levantamiento de arco floral el 24 por la madrugada. En entrevista telef\u00f3nica dio a conocer que con la intenci\u00f3n de [&hellip;]<\/p>\n","protected":false},"author":1,"featured_media":19616,"comment_status":"open","ping_status":"open","sticky":false,"template":"","format":"standard","meta":{"_jetpack_memberships_contains_paid_content":false,"footnotes":""},"categories":[3],"tags":[],"class_list":["post-19615","post","type-post","status-publish","format-standard","has-post-thumbnail","hentry","category-xalapa"],"jetpack_featured_media_url":"https:\/\/encuentroinformativo.com.mx\/wp-content\/uploads\/2021\/10\/DD30A08B-B2F5-42A1-B624-C095ECE187A9.jpeg","jetpack_sharing_enabled":true,"jetpack_likes_enabled":true,"amp_enabled":true,"_links":{"self":[{"href":"https:\/\/encuentroinformativo.com.mx\/index.php?rest_route=\/wp\/v2\/posts\/19615","targetHints":{"allow":["GET"]}}],"collection":[{"href":"https:\/\/encuentroinformativo.com.mx\/index.php?rest_route=\/wp\/v2\/posts"}],"about":[{"href":"https:\/\/encuentroinformativo.com.mx\/index.php?rest_route=\/wp\/v2\/types\/post"}],"author":[{"embeddable":true,"href":"https:\/\/encuentroinformativo.com.mx\/index.php?rest_route=\/wp\/v2\/users\/1"}],"replies":[{"embeddable":true,"href":"https:\/\/encuentroinformativo.com.mx\/index.php?rest_route=%2Fwp%2Fv2%2Fcomments&post=19615"}],"version-history":[{"count":1,"href":"https:\/\/encuentroinformativo.com.mx\/index.php?rest_route=\/wp\/v2\/posts\/19615\/revisions"}],"predecessor-version":[{"id":19618,"href":"https:\/\/encuentroinformativo.com.mx\/index.php?rest_route=\/wp\/v2\/posts\/19615\/revisions\/19618"}],"wp:featuredmedia":[{"embeddable":true,"href":"https:\/\/encuentroinformativo.com.mx\/index.php?rest_route=\/wp\/v2\/media\/19616"}],"wp:attachment":[{"href":"https:\/\/encuentroinformativo.com.mx\/index.php?rest_route=%2Fwp%2Fv2%2Fmedia&parent=19615"}],"wp:term":[{"taxonomy":"category","embeddable":true,"href":"https:\/\/encuentroinformativo.com.mx\/index.php?rest_route=%2Fwp%2Fv2%2Fcategories&post=19615"},{"taxonomy":"post_tag","embeddable":true,"href":"https:\/\/encuentroinformativo.com.mx\/index.php?rest_route=%2Fwp%2Fv2%2Ftags&post=19615"}],"curies":[{"name":"wp","href":"https:\/\/api.w.org\/{rel}","templated":true}]}}