{"id":19622,"date":"2021-10-22T14:46:57","date_gmt":"2021-10-22T19:46:57","guid":{"rendered":"https:\/\/encuentroinformativo.com.mx\/?p=19622"},"modified":"2021-10-22T14:47:01","modified_gmt":"2021-10-22T19:47:01","slug":"culpan-a-dif-municipal-por-deceso-de-indigente-en-palacio-de-gobierno","status":"publish","type":"post","link":"https:\/\/encuentroinformativo.com.mx\/?p=19622","title":{"rendered":"Culpan a DIF municipal por deceso de indigente en Palacio de Gobierno"},"content":{"rendered":"\n<p><strong>Dar\u00edo Pale<\/strong><\/p>\n\n\n\n<p>Xalapa, Ver.- La directora del sistema estatal para el Desarrollo Integral de la Familia (DIF) en Veracruz, Rebeca Quintanar Barcel\u00f3 dio a conocer que la persona que falleci\u00f3 en los bajos del palacio de gobierno debi\u00f3 ser atendido o apoyado por el DIF municipal de Xalapa para evitar que muriera de esa forma.<\/p>\n\n\n\n<p>Entrevistada en el Teatro del estado responsabiliz\u00f3 al DIF municipal de Xalapa por la desatenci\u00f3n que provoc\u00f3 la muerte a un indigente que padec\u00eda desnutrici\u00f3n \u00a0y que muri\u00f3 la tarde del martes en los bajos del Palacio de Gobierno, donde pernoctaba.<\/p>\n\n\n\n<p>Dio a conocer que este tipo de atenci\u00f3n corresponde a los DIF municipales, en este caso al del Ayuntamiento de Xalapa y lament\u00f3 que no fuera reportado al DIF estatal, pues de lo contrario, asegur\u00f3 que se habr\u00eda atendido y se hubiera evitado la muerte del indigente.<\/p>\n\n\n\n<p>&#8220;Los DIF municipales nos tienen que pasar el reporte, en este caso, pues desafortunadamente, fue muy desafortunado este caso, independiente de que el DIF municipal no nos pase el reporte, si nos hubiera llegado al DIF municipal la informaci\u00f3n, verdaderamente, con mucho gusto hubi\u00e9ramos atendido a esta persona que desafortunadamente muri\u00f3&#8221;, coment\u00f3.<\/p>\n\n\n\n<p>Rebeca Quintanar lament\u00f3 este caso que provoc\u00f3 el reclamo al DIF y a otras instituciones y exhort\u00f3 a los \u00a0DIF municipales a que atiendan cualquier necesidad de la poblaci\u00f3n en calle, principalmente por la llegada de la temporada invernal, esto con el fin de evitar otras muertes por negligencia. <\/p>\n\n\n\n<p>&#8220;Yo los exhortar\u00eda a que se acerquen al DIF estatal, de igual manera a las personas, si tienen alguno de estos casos, espero que ya no haya m\u00e1s casos de este tipo, que nos lo reporten y nosotros con todo gusto acudimos al lugar para atender a estas personas\u201d, se\u00f1al\u00f3.<\/p>\n\n\n\n<p>Finalmente dio a conocer que el DIF estatal ha atendido casos similares sin importar el municipio que sea, a trav\u00e9s de las procuradur\u00edas y centros, entre estos mencion\u00f3 uno en el puerto de Veracruz. \u201cEl DIF estatal es su casa y que se acerquen cuando haya una situaci\u00f3n de este tipo\u201d.<\/p>\n","protected":false},"excerpt":{"rendered":"<p>Dar\u00edo Pale Xalapa, Ver.- La directora del sistema estatal para el Desarrollo Integral de la Familia (DIF) en Veracruz, Rebeca Quintanar Barcel\u00f3 dio a conocer que la persona que falleci\u00f3 en los bajos del palacio de gobierno debi\u00f3 ser atendido o apoyado por el DIF municipal de Xalapa para evitar que muriera de esa forma. [&hellip;]<\/p>\n","protected":false},"author":1,"featured_media":19623,"comment_status":"open","ping_status":"open","sticky":false,"template":"","format":"standard","meta":{"_jetpack_memberships_contains_paid_content":false,"footnotes":""},"categories":[3],"tags":[],"class_list":["post-19622","post","type-post","status-publish","format-standard","has-post-thumbnail","hentry","category-xalapa"],"jetpack_featured_media_url":"https:\/\/encuentroinformativo.com.mx\/wp-content\/uploads\/2021\/10\/15AEC63A-ABED-4B79-9CB1-804A879656AD.jpeg","jetpack_sharing_enabled":true,"jetpack_likes_enabled":true,"amp_enabled":true,"_links":{"self":[{"href":"https:\/\/encuentroinformativo.com.mx\/index.php?rest_route=\/wp\/v2\/posts\/19622","targetHints":{"allow":["GET"]}}],"collection":[{"href":"https:\/\/encuentroinformativo.com.mx\/index.php?rest_route=\/wp\/v2\/posts"}],"about":[{"href":"https:\/\/encuentroinformativo.com.mx\/index.php?rest_route=\/wp\/v2\/types\/post"}],"author":[{"embeddable":true,"href":"https:\/\/encuentroinformativo.com.mx\/index.php?rest_route=\/wp\/v2\/users\/1"}],"replies":[{"embeddable":true,"href":"https:\/\/encuentroinformativo.com.mx\/index.php?rest_route=%2Fwp%2Fv2%2Fcomments&post=19622"}],"version-history":[{"count":1,"href":"https:\/\/encuentroinformativo.com.mx\/index.php?rest_route=\/wp\/v2\/posts\/19622\/revisions"}],"predecessor-version":[{"id":19624,"href":"https:\/\/encuentroinformativo.com.mx\/index.php?rest_route=\/wp\/v2\/posts\/19622\/revisions\/19624"}],"wp:featuredmedia":[{"embeddable":true,"href":"https:\/\/encuentroinformativo.com.mx\/index.php?rest_route=\/wp\/v2\/media\/19623"}],"wp:attachment":[{"href":"https:\/\/encuentroinformativo.com.mx\/index.php?rest_route=%2Fwp%2Fv2%2Fmedia&parent=19622"}],"wp:term":[{"taxonomy":"category","embeddable":true,"href":"https:\/\/encuentroinformativo.com.mx\/index.php?rest_route=%2Fwp%2Fv2%2Fcategories&post=19622"},{"taxonomy":"post_tag","embeddable":true,"href":"https:\/\/encuentroinformativo.com.mx\/index.php?rest_route=%2Fwp%2Fv2%2Ftags&post=19622"}],"curies":[{"name":"wp","href":"https:\/\/api.w.org\/{rel}","templated":true}]}}