{"id":19628,"date":"2021-10-22T14:58:29","date_gmt":"2021-10-22T19:58:29","guid":{"rendered":"https:\/\/encuentroinformativo.com.mx\/?p=19628"},"modified":"2021-10-22T14:58:33","modified_gmt":"2021-10-22T19:58:33","slug":"sindicalizados-denuncian-abusos-en-contraloria","status":"publish","type":"post","link":"https:\/\/encuentroinformativo.com.mx\/?p=19628","title":{"rendered":"Sindicalizados denuncian abusos en Contralor\u00eda"},"content":{"rendered":"\n<p><strong>Juan Arcos <\/strong><\/p>\n\n\n\n<p>El secretario general del Sindicato de Empleados del Poder Ejecutivo de Veracruz, Acdmer Antonio Galicia Campos, reprob\u00f3 dicha situaci\u00f3n e indic\u00f3 que la agremiada Rosa Linda Garc\u00eda V\u00e1zquez ha padecido directamente este problema.<\/p>\n\n\n\n<p>Xalapa, Ver.- Trabajadores sindicalizados de la Contralor\u00eda General del Estado de Veracruz denunciaron haber sido v\u00edctimas de actos de violencia, hostigamiento y abuso de autoridad por parte de funcionarios de esta dependencia.<\/p>\n\n\n\n<p>Incluso, se\u00f1al\u00f3 directamente al titular de la Unidad Administrativa, AlfonsoS\u00e1nchez Garc\u00eda, y al titular del Jur\u00eddico de esa dependencia, Nilo Luc\u00eda Mena Aguilar, por dichas anomal\u00edas y violaciones a los derechos de los trabajadores.<\/p>\n\n\n\n<p>Los acus\u00f3 de conducirse con prepotencia y arrogancia, violentando los derechos humanos y laborales de la representada, quien es madre soltera y en varias ocasiones ha sido complicada su situaci\u00f3n.<\/p>\n\n\n\n<p>El l\u00edder sindical indic\u00f3 que la trabajadora fue despedida injustificadamente y, posterior a obtener un laudo favorable para su reinstalaci\u00f3n y la orden de pago de su correspondiente indemnizaci\u00f3n, la cambiaron a un \u00e1rea de adscripci\u00f3n diferente.<\/p>\n\n\n\n<p>\u201cNo conforme con ello, nuevamente la comisionan ahora fuera de la ciudad pero sin los gastos correspondientes que el manual de vi\u00e1ticos establece. Estas formas de hostigamiento que ya deber\u00edan estar erradicadas en contra de cualquiertrabajador, perjudica en lo econ\u00f3mico y familiar a sus derechos fundamentales como ser humano y provoca una violencia de g\u00e9nero en contra de una madre soltera\u201d, detall\u00f3.<\/p>\n\n\n\n<p>Galicia Campos pidi\u00f3 la intervenci\u00f3n del gobernador Cuitl\u00e1huac Garcia Jim\u00e9nez y de la contralora Mercedes Santoyo Dominguez para que pongan un alto a esos abusos de poder y ordenen el pago inmediato de las prestaciones que le corresponden a la trabajadora.<\/p>\n","protected":false},"excerpt":{"rendered":"<p>Juan Arcos El secretario general del Sindicato de Empleados del Poder Ejecutivo de Veracruz, Acdmer Antonio Galicia Campos, reprob\u00f3 dicha situaci\u00f3n e indic\u00f3 que la agremiada Rosa Linda Garc\u00eda V\u00e1zquez ha padecido directamente este problema. Xalapa, Ver.- Trabajadores sindicalizados de la Contralor\u00eda General del Estado de Veracruz denunciaron haber sido v\u00edctimas de actos de violencia, [&hellip;]<\/p>\n","protected":false},"author":1,"featured_media":19629,"comment_status":"open","ping_status":"open","sticky":false,"template":"","format":"standard","meta":{"_jetpack_memberships_contains_paid_content":false,"footnotes":""},"categories":[2],"tags":[],"class_list":["post-19628","post","type-post","status-publish","format-standard","has-post-thumbnail","hentry","category-estado"],"jetpack_featured_media_url":"https:\/\/encuentroinformativo.com.mx\/wp-content\/uploads\/2021\/10\/5460912F-275D-4B63-8DCB-15BF6B9F9321.jpeg","jetpack_sharing_enabled":true,"jetpack_likes_enabled":true,"amp_enabled":true,"_links":{"self":[{"href":"https:\/\/encuentroinformativo.com.mx\/index.php?rest_route=\/wp\/v2\/posts\/19628","targetHints":{"allow":["GET"]}}],"collection":[{"href":"https:\/\/encuentroinformativo.com.mx\/index.php?rest_route=\/wp\/v2\/posts"}],"about":[{"href":"https:\/\/encuentroinformativo.com.mx\/index.php?rest_route=\/wp\/v2\/types\/post"}],"author":[{"embeddable":true,"href":"https:\/\/encuentroinformativo.com.mx\/index.php?rest_route=\/wp\/v2\/users\/1"}],"replies":[{"embeddable":true,"href":"https:\/\/encuentroinformativo.com.mx\/index.php?rest_route=%2Fwp%2Fv2%2Fcomments&post=19628"}],"version-history":[{"count":1,"href":"https:\/\/encuentroinformativo.com.mx\/index.php?rest_route=\/wp\/v2\/posts\/19628\/revisions"}],"predecessor-version":[{"id":19630,"href":"https:\/\/encuentroinformativo.com.mx\/index.php?rest_route=\/wp\/v2\/posts\/19628\/revisions\/19630"}],"wp:featuredmedia":[{"embeddable":true,"href":"https:\/\/encuentroinformativo.com.mx\/index.php?rest_route=\/wp\/v2\/media\/19629"}],"wp:attachment":[{"href":"https:\/\/encuentroinformativo.com.mx\/index.php?rest_route=%2Fwp%2Fv2%2Fmedia&parent=19628"}],"wp:term":[{"taxonomy":"category","embeddable":true,"href":"https:\/\/encuentroinformativo.com.mx\/index.php?rest_route=%2Fwp%2Fv2%2Fcategories&post=19628"},{"taxonomy":"post_tag","embeddable":true,"href":"https:\/\/encuentroinformativo.com.mx\/index.php?rest_route=%2Fwp%2Fv2%2Ftags&post=19628"}],"curies":[{"name":"wp","href":"https:\/\/api.w.org\/{rel}","templated":true}]}}