{"id":19631,"date":"2021-10-22T17:33:38","date_gmt":"2021-10-22T22:33:38","guid":{"rendered":"https:\/\/encuentroinformativo.com.mx\/?p=19631"},"modified":"2021-10-22T17:35:04","modified_gmt":"2021-10-22T22:35:04","slug":"preparan-catedral-para-festejos-a-san-rafael","status":"publish","type":"post","link":"https:\/\/encuentroinformativo.com.mx\/?p=19631","title":{"rendered":"Preparan catedral  para festejos a San Rafael"},"content":{"rendered":"\n<p><strong>Juan Arcos<\/strong><\/p>\n\n\n\n<p>Xalapa, Ver.- Este viernes comenzaron los preparativos para los festejos de San Rafael Gu\u00edzar y Valencia en la Catedral de Xalapa, durante el fin de semana.<\/p>\n\n\n\n<p>Desde el mediod\u00eda, inici\u00f3 el arribo de feligreses a la cripta del santo para entregar ofrendas florales, veladoras y elevar oraciones.<\/p>\n\n\n\n<p>Se tiene programado el canto de Las Ma\u00f1anitas a la medianoche del s\u00e1bado, debido a que la celebraci\u00f3n de Gu\u00edzar y Valencia es el pr\u00f3ximo domingo 24 de octubre.<\/p>\n\n\n\n<p>Se prev\u00e9 la llegada de peregrinos y la entrega de arcos florales desde la madrugada del domingo, procedentes del municipio de Teocelo.<\/p>\n\n\n\n<p>A las 7:00 horas habr\u00e1 celebraci\u00f3n eucar\u00edstica que ser\u00e1 presidida por el monse\u00f1or Jos\u00e9 Trinidad Zapata.<\/p>\n\n\n\n<p>Adem\u00e1s, a las 19:00 horas se realizar\u00e1 una procesi\u00f3n de autom\u00f3viles con las reliquias de San Rafael sobre la avenida Manuel \u00c1vila Camacho y las calles Sayago, <a href=\"https:\/\/www.google.com\/maps\/search\/Poeta+Jes%C3%BAs+D%C3%ADaz,+5?entry=gmail&amp;source=g\">Poeta Jes\u00fas D\u00edaz<\/a>, Cinco de Febrero y Xalape\u00f1os Ilustres para llegar a la Plaza Sebasti\u00e1n Lerdo de Tejada.<\/p>\n\n\n\n<p>Los creyentes cat\u00f3licos comentan que Gu\u00edzar y Valencia es milagroso y acuden a la iglesia para agradecerle por haber sanado a sus seres queridos que estaban enfermos.<\/p>\n\n\n\n<p>Algunas personas mencionaron que el santo intercedi\u00f3 para aliviar a personas que padec\u00edan c\u00e1ncer de mama.<\/p>\n","protected":false},"excerpt":{"rendered":"<p>Juan Arcos Xalapa, Ver.- Este viernes comenzaron los preparativos para los festejos de San Rafael Gu\u00edzar y Valencia en la Catedral de Xalapa, durante el fin de semana. Desde el mediod\u00eda, inici\u00f3 el arribo de feligreses a la cripta del santo para entregar ofrendas florales, veladoras y elevar oraciones. Se tiene programado el canto de [&hellip;]<\/p>\n","protected":false},"author":1,"featured_media":19632,"comment_status":"open","ping_status":"open","sticky":false,"template":"","format":"standard","meta":{"_jetpack_memberships_contains_paid_content":false,"footnotes":""},"categories":[3],"tags":[],"class_list":["post-19631","post","type-post","status-publish","format-standard","has-post-thumbnail","hentry","category-xalapa"],"jetpack_featured_media_url":"https:\/\/encuentroinformativo.com.mx\/wp-content\/uploads\/2021\/10\/9E4A9B0E-03B4-4473-BF2B-B4449C91CD66.jpeg","jetpack_sharing_enabled":true,"jetpack_likes_enabled":true,"amp_enabled":true,"_links":{"self":[{"href":"https:\/\/encuentroinformativo.com.mx\/index.php?rest_route=\/wp\/v2\/posts\/19631","targetHints":{"allow":["GET"]}}],"collection":[{"href":"https:\/\/encuentroinformativo.com.mx\/index.php?rest_route=\/wp\/v2\/posts"}],"about":[{"href":"https:\/\/encuentroinformativo.com.mx\/index.php?rest_route=\/wp\/v2\/types\/post"}],"author":[{"embeddable":true,"href":"https:\/\/encuentroinformativo.com.mx\/index.php?rest_route=\/wp\/v2\/users\/1"}],"replies":[{"embeddable":true,"href":"https:\/\/encuentroinformativo.com.mx\/index.php?rest_route=%2Fwp%2Fv2%2Fcomments&post=19631"}],"version-history":[{"count":2,"href":"https:\/\/encuentroinformativo.com.mx\/index.php?rest_route=\/wp\/v2\/posts\/19631\/revisions"}],"predecessor-version":[{"id":19634,"href":"https:\/\/encuentroinformativo.com.mx\/index.php?rest_route=\/wp\/v2\/posts\/19631\/revisions\/19634"}],"wp:featuredmedia":[{"embeddable":true,"href":"https:\/\/encuentroinformativo.com.mx\/index.php?rest_route=\/wp\/v2\/media\/19632"}],"wp:attachment":[{"href":"https:\/\/encuentroinformativo.com.mx\/index.php?rest_route=%2Fwp%2Fv2%2Fmedia&parent=19631"}],"wp:term":[{"taxonomy":"category","embeddable":true,"href":"https:\/\/encuentroinformativo.com.mx\/index.php?rest_route=%2Fwp%2Fv2%2Fcategories&post=19631"},{"taxonomy":"post_tag","embeddable":true,"href":"https:\/\/encuentroinformativo.com.mx\/index.php?rest_route=%2Fwp%2Fv2%2Ftags&post=19631"}],"curies":[{"name":"wp","href":"https:\/\/api.w.org\/{rel}","templated":true}]}}