{"id":19635,"date":"2021-10-22T17:54:27","date_gmt":"2021-10-22T22:54:27","guid":{"rendered":"https:\/\/encuentroinformativo.com.mx\/?p=19635"},"modified":"2021-10-22T17:54:31","modified_gmt":"2021-10-22T22:54:31","slug":"anulo-sala-regional-eleccion-en-chiconamel","status":"publish","type":"post","link":"https:\/\/encuentroinformativo.com.mx\/?p=19635","title":{"rendered":"Anul\u00f3 Sala Regional elecci\u00f3n en Chiconamel"},"content":{"rendered":"\n<p><strong>Juan Arcos<\/strong><\/p>\n\n\n\n<p>Xalapa, Ver.- La Sala Regional Xalapa del Tribunal Electoral del Poder Judicial de la Federaci\u00f3n (TEPJF) anul\u00f3 la elecci\u00f3n de ediles en el municipio de Chiconamel, ubicado en la zona norte del estado de Veracruz.<\/p>\n\n\n\n<p>En sesi\u00f3n virtual, los magistrados instruyeron al Organismo P\u00fablico Local Electoral (OPLE) la realizaci\u00f3n de una elecci\u00f3n extraordinaria para elegir a los nuevos gobernantes.<\/p>\n\n\n\n<p>Determinaron que tras las votaciones del pasado 6 de junio, no hubo certeza respecto a la recepci\u00f3n, resguardo y custodia de la totalidad de los paquetes electorales a partir de la clausura de las casillas instaladas.<\/p>\n\n\n\n<p>En ese sentido, consideraron que no es posible identificar \u00f1, en forma fidedigna, la voluntad ciudadana a favor de la opci\u00f3n pol\u00edtica que se consider\u00f3 m\u00e1s conveniente.<\/p>\n\n\n\n<p>La Sala Regional emiti\u00f3 un comunicado, donde se\u00f1ala que el \u00fanico elemento con que se cuenta son las copias certificadas de las actas de escrutinio y c\u00f3mputo de las casillas.<\/p>\n\n\n\n<p>Los magistrados manifestaron p\u00fablicamente que el Tribunal Electoral de Veracruz (TEV) carece de elementos para validar la elecci\u00f3n en dicha demarcaci\u00f3n.<\/p>\n\n\n\n<p>\u201cEstas no pueden ser confrontadas con alg\u00fan otro elemento que obre en autos, impiden acompa\u00f1ar las razones que el Tribunal Electoral de Veracruz (TEV) invoc\u00f3 para aplicar\u00a0el principio de conservaci\u00f3n de los actos p\u00fablicos v\u00e1lidamente\u00a0celebrados, basado \u00fanicamente\u00a0en los\u00a0datos contenidos en las mencionadas copias certificadas de las actas de escrutinio y c\u00f3mputo de casilla\u201d, expresaron.<\/p>\n\n\n\n<p>Cabe recordar que, el pasado 24 de septiembre, el Organismo P\u00fablico Local Electoral de Veracruz entreg\u00f3 la constancia de mayor\u00eda a Alejandro S\u00e1nchez Franco del Partido de la Revoluci\u00f3n Democr\u00e1tica (PRD) que lo acredita como alcalde electo.<\/p>\n\n\n\n<p>El pasado 6 de octubre, el Tribunal Electoral de Veracruz anul\u00f3 la elecci\u00f3n de ediles en el municipio de Jes\u00fas Carranza, al sur del estado de Veracruz, tras los hechos violentos que se presentaron durante las votaciones del pasado 6 de junio.<\/p>\n\n\n\n<p>Chiconamel es el segundo municipio donde se da la misma situaci\u00f3n; sin embargo, en este caso, por decisi\u00f3n de la Sala Regional, deber\u00e1n realizar una elecci\u00f3n extraordinaria.<\/p>\n","protected":false},"excerpt":{"rendered":"<p>Juan Arcos Xalapa, Ver.- La Sala Regional Xalapa del Tribunal Electoral del Poder Judicial de la Federaci\u00f3n (TEPJF) anul\u00f3 la elecci\u00f3n de ediles en el municipio de Chiconamel, ubicado en la zona norte del estado de Veracruz. En sesi\u00f3n virtual, los magistrados instruyeron al Organismo P\u00fablico Local Electoral (OPLE) la realizaci\u00f3n de una elecci\u00f3n extraordinaria [&hellip;]<\/p>\n","protected":false},"author":1,"featured_media":19636,"comment_status":"open","ping_status":"open","sticky":false,"template":"","format":"standard","meta":{"_jetpack_memberships_contains_paid_content":false,"footnotes":""},"categories":[2],"tags":[],"class_list":["post-19635","post","type-post","status-publish","format-standard","has-post-thumbnail","hentry","category-estado"],"jetpack_featured_media_url":"https:\/\/encuentroinformativo.com.mx\/wp-content\/uploads\/2021\/10\/E589293A-76CC-438F-A764-F0F54A2C681E.jpeg","jetpack_sharing_enabled":true,"jetpack_likes_enabled":true,"amp_enabled":true,"_links":{"self":[{"href":"https:\/\/encuentroinformativo.com.mx\/index.php?rest_route=\/wp\/v2\/posts\/19635","targetHints":{"allow":["GET"]}}],"collection":[{"href":"https:\/\/encuentroinformativo.com.mx\/index.php?rest_route=\/wp\/v2\/posts"}],"about":[{"href":"https:\/\/encuentroinformativo.com.mx\/index.php?rest_route=\/wp\/v2\/types\/post"}],"author":[{"embeddable":true,"href":"https:\/\/encuentroinformativo.com.mx\/index.php?rest_route=\/wp\/v2\/users\/1"}],"replies":[{"embeddable":true,"href":"https:\/\/encuentroinformativo.com.mx\/index.php?rest_route=%2Fwp%2Fv2%2Fcomments&post=19635"}],"version-history":[{"count":1,"href":"https:\/\/encuentroinformativo.com.mx\/index.php?rest_route=\/wp\/v2\/posts\/19635\/revisions"}],"predecessor-version":[{"id":19637,"href":"https:\/\/encuentroinformativo.com.mx\/index.php?rest_route=\/wp\/v2\/posts\/19635\/revisions\/19637"}],"wp:featuredmedia":[{"embeddable":true,"href":"https:\/\/encuentroinformativo.com.mx\/index.php?rest_route=\/wp\/v2\/media\/19636"}],"wp:attachment":[{"href":"https:\/\/encuentroinformativo.com.mx\/index.php?rest_route=%2Fwp%2Fv2%2Fmedia&parent=19635"}],"wp:term":[{"taxonomy":"category","embeddable":true,"href":"https:\/\/encuentroinformativo.com.mx\/index.php?rest_route=%2Fwp%2Fv2%2Fcategories&post=19635"},{"taxonomy":"post_tag","embeddable":true,"href":"https:\/\/encuentroinformativo.com.mx\/index.php?rest_route=%2Fwp%2Fv2%2Ftags&post=19635"}],"curies":[{"name":"wp","href":"https:\/\/api.w.org\/{rel}","templated":true}]}}