{"id":19638,"date":"2021-10-23T13:01:35","date_gmt":"2021-10-23T18:01:35","guid":{"rendered":"https:\/\/encuentroinformativo.com.mx\/?p=19638"},"modified":"2021-10-23T13:01:38","modified_gmt":"2021-10-23T18:01:38","slug":"se-deslinda-iglesia-de-permisos-para-vendedores-en-catedral","status":"publish","type":"post","link":"https:\/\/encuentroinformativo.com.mx\/?p=19638","title":{"rendered":"Se deslinda Iglesia de permisos para vendedores en catedral"},"content":{"rendered":"\n<p><strong>Dar\u00edo Pale<\/strong> <\/p>\n\n\n\n<p>Entrevistado en la plaza Lerdo se\u00f1al\u00f3 que a\u00f1o con a\u00f1o en las fiestas de San Rafael muchas personas vienen a vender sus artesan\u00edas por lo que en ese sentido la catedral no tiene ninguna responsabilidad sobre ellos, lo \u00fanico que solicitan es que se les respeten las entradas al templo pro el flujo de personas.<\/p>\n\n\n\n<p>Xalapa, Ver.- El padre Roberto Reyes Anaya p\u00e1rroco de la catedral metropolitana dio a conocer que, la colocaci\u00f3n de los vendedores ambulantes que traen sus artesan\u00edas en las escalinatas de catedrales responsabilidad del ayuntamiento ellos no tienen ning\u00fan inconveniente que se coloquen mientras no bloqueen los accesos.<\/p>\n\n\n\n<p>Coment\u00f3 que debido a la pandemia tienen que ir restringiendo la entrada lo dem\u00e1s corresponde al municipio y a las normas que establezcan &#8220;seg\u00fan lo que me dicen los vendedores es que en las escalinatas se supone que nosotros podemos decidir en ese sentido por m\u00ed no habr\u00eda problema que se pusieran mientras no impidan el flujo de la gente a la catedral&#8221;.<\/p>\n\n\n\n<p>Lo que corresponde al pago de alg\u00fan impuesto ya no depende del p\u00e1rroco si no del municipio y son muy respetuosos de eso, ya que los permisos dependen del ayuntamiento ya que por la iglesia no hay problema.<\/p>\n\n\n\n<p><strong>Peregrinaciones<\/strong><\/p>\n\n\n\n<p>En otro orden de ideas record\u00f3 que el d\u00eda de hoy a partir del medio d\u00eda empiezan a llegar las peregrinaciones a las 13:00 horas llegan de la parroquia de Mozomboa Con algunas personas, tambi\u00e9n llegar\u00e1n peregrinos de Tlaxcala y por la tarde llegan peregrinaciones de los municipios cercanos como Coatepec, Teocelo entre otros.<\/p>\n\n\n\n<p>Dio a conocer que los arcos florales se colocar\u00e1n entre las 3 o 4 dela ma\u00f1ana y despu\u00e9s como la fiesta cae en domingo se celebrar\u00e1n las misas ordinarias del d\u00eda desde la 7 hasta las 7 de la noche y terminar\u00e1n con una procesi\u00f3n con el sant\u00edsimo y la reliquia de San Rafael.<\/p>\n\n\n\n<p>Por \u00faltimo record\u00f3 que como pas\u00f3 el a\u00f1o pasado restringir\u00e1n la entrada a la catedral solo se permitir\u00e1 entrar para las eucar\u00edsticas con el l\u00edmite de personas que est\u00e1 permitido y habr\u00e1 un flujo constante de los peregrinos para visitar la tumba, entran y salen por revoluci\u00f3n para lo cual habr\u00e1 entre 10 y 15 persona por turnos que estar\u00e1n a partir de las 2 de la tarde cuidando la entrada a la catedral.<\/p>\n","protected":false},"excerpt":{"rendered":"<p>Dar\u00edo Pale Entrevistado en la plaza Lerdo se\u00f1al\u00f3 que a\u00f1o con a\u00f1o en las fiestas de San Rafael muchas personas vienen a vender sus artesan\u00edas por lo que en ese sentido la catedral no tiene ninguna responsabilidad sobre ellos, lo \u00fanico que solicitan es que se les respeten las entradas al templo pro el flujo [&hellip;]<\/p>\n","protected":false},"author":1,"featured_media":19639,"comment_status":"open","ping_status":"open","sticky":false,"template":"","format":"standard","meta":{"_jetpack_memberships_contains_paid_content":false,"footnotes":""},"categories":[3],"tags":[],"class_list":["post-19638","post","type-post","status-publish","format-standard","has-post-thumbnail","hentry","category-xalapa"],"jetpack_featured_media_url":"https:\/\/encuentroinformativo.com.mx\/wp-content\/uploads\/2021\/10\/99B724CA-4D17-4D2E-B175-D9DFA8DDABC4.jpeg","jetpack_sharing_enabled":true,"jetpack_likes_enabled":true,"amp_enabled":true,"_links":{"self":[{"href":"https:\/\/encuentroinformativo.com.mx\/index.php?rest_route=\/wp\/v2\/posts\/19638","targetHints":{"allow":["GET"]}}],"collection":[{"href":"https:\/\/encuentroinformativo.com.mx\/index.php?rest_route=\/wp\/v2\/posts"}],"about":[{"href":"https:\/\/encuentroinformativo.com.mx\/index.php?rest_route=\/wp\/v2\/types\/post"}],"author":[{"embeddable":true,"href":"https:\/\/encuentroinformativo.com.mx\/index.php?rest_route=\/wp\/v2\/users\/1"}],"replies":[{"embeddable":true,"href":"https:\/\/encuentroinformativo.com.mx\/index.php?rest_route=%2Fwp%2Fv2%2Fcomments&post=19638"}],"version-history":[{"count":1,"href":"https:\/\/encuentroinformativo.com.mx\/index.php?rest_route=\/wp\/v2\/posts\/19638\/revisions"}],"predecessor-version":[{"id":19640,"href":"https:\/\/encuentroinformativo.com.mx\/index.php?rest_route=\/wp\/v2\/posts\/19638\/revisions\/19640"}],"wp:featuredmedia":[{"embeddable":true,"href":"https:\/\/encuentroinformativo.com.mx\/index.php?rest_route=\/wp\/v2\/media\/19639"}],"wp:attachment":[{"href":"https:\/\/encuentroinformativo.com.mx\/index.php?rest_route=%2Fwp%2Fv2%2Fmedia&parent=19638"}],"wp:term":[{"taxonomy":"category","embeddable":true,"href":"https:\/\/encuentroinformativo.com.mx\/index.php?rest_route=%2Fwp%2Fv2%2Fcategories&post=19638"},{"taxonomy":"post_tag","embeddable":true,"href":"https:\/\/encuentroinformativo.com.mx\/index.php?rest_route=%2Fwp%2Fv2%2Ftags&post=19638"}],"curies":[{"name":"wp","href":"https:\/\/api.w.org\/{rel}","templated":true}]}}