{"id":19650,"date":"2021-10-23T15:26:54","date_gmt":"2021-10-23T20:26:54","guid":{"rendered":"https:\/\/encuentroinformativo.com.mx\/?p=19650"},"modified":"2021-10-23T15:26:58","modified_gmt":"2021-10-23T20:26:58","slug":"recuerdan-a-medicos-que-perdieron-la-vida-en-linea-covid","status":"publish","type":"post","link":"https:\/\/encuentroinformativo.com.mx\/?p=19650","title":{"rendered":"Recuerdan a m\u00e9dicos que perdieron la vida en l\u00ednea Covid"},"content":{"rendered":"\n<p><strong>Dar\u00edo Pale <\/strong><\/p>\n\n\n\n<p>Xalapa, Ver.- En el marco del D\u00eda del M\u00e9dico, el Secretario de Salud de Veracruz Roberto Ramos Alor hizo un reconocimiento a todos los doctores que perdieron la vida en contra del COVID-19, por estar en la primera l\u00ednea de combate a la pandemia.<\/p>\n\n\n\n<p>Durante el evento realizado en el patio central de Palacio de Gobierno, agradeci\u00f3 todo el trabajo que el sector salud ha realizado desde hace m\u00e1s de un a\u00f1o, salvando vidas, e incluso, poniendo en riesgo la suya y donde lamentablemente algunas perdieron esa batalla.<\/p>\n\n\n\n<p>El funcionario estatal, los compar\u00f3 como unos &#8220;soldados&#8221; que fueron a la guerra y perdieron la vida en el campo de batalla, pero siempre creyendo en su profesi\u00f3n, y anteponiendo la salud de los pacientes antes que la suya.<\/p>\n\n\n\n<p>&#8220;Hay que recordar aquellos valientes guerreros de la salud que sucumbieron esta lucha y esta batalla, m\u00e9dicos y m\u00e9dicas \u00a0que hoy nos acompa\u00f1an en situaciones diferentes \u00a0porque no se permiten el acercamiento porque hay que protegerse y ciudarse, mando mensaje a todos los m\u00e9dicos (&#8230;) y tambi\u00e9n queremos reconocer a este gobierno sensible y humano que ha estado presente como aliado de los medios para sacar adelante y cuidar la salud de las y los veracruzanos&#8221;, se\u00f1al\u00f3.<\/p>\n\n\n\n<p>Finalmente Ramos Alor, resalt\u00f3 que con la llegada de la pandemia se permiti\u00f3 tener un mayor trabajo de uni\u00f3n entre las dependencias gubernamentales, permitiendo as\u00ed, hacer frente a la crisis sanitaria que se vivi\u00f3 en el 2020 con la llegada del virus Covid.<\/p>\n","protected":false},"excerpt":{"rendered":"<p>Dar\u00edo Pale Xalapa, Ver.- En el marco del D\u00eda del M\u00e9dico, el Secretario de Salud de Veracruz Roberto Ramos Alor hizo un reconocimiento a todos los doctores que perdieron la vida en contra del COVID-19, por estar en la primera l\u00ednea de combate a la pandemia. Durante el evento realizado en el patio central de [&hellip;]<\/p>\n","protected":false},"author":1,"featured_media":19651,"comment_status":"open","ping_status":"open","sticky":false,"template":"","format":"standard","meta":{"_jetpack_memberships_contains_paid_content":false,"footnotes":""},"categories":[9],"tags":[],"class_list":["post-19650","post","type-post","status-publish","format-standard","has-post-thumbnail","hentry","category-salud"],"jetpack_featured_media_url":"https:\/\/encuentroinformativo.com.mx\/wp-content\/uploads\/2021\/10\/E5320DDF-539F-4F34-B5B3-00E1B2116F3C.jpeg","jetpack_sharing_enabled":true,"jetpack_likes_enabled":true,"amp_enabled":true,"_links":{"self":[{"href":"https:\/\/encuentroinformativo.com.mx\/index.php?rest_route=\/wp\/v2\/posts\/19650","targetHints":{"allow":["GET"]}}],"collection":[{"href":"https:\/\/encuentroinformativo.com.mx\/index.php?rest_route=\/wp\/v2\/posts"}],"about":[{"href":"https:\/\/encuentroinformativo.com.mx\/index.php?rest_route=\/wp\/v2\/types\/post"}],"author":[{"embeddable":true,"href":"https:\/\/encuentroinformativo.com.mx\/index.php?rest_route=\/wp\/v2\/users\/1"}],"replies":[{"embeddable":true,"href":"https:\/\/encuentroinformativo.com.mx\/index.php?rest_route=%2Fwp%2Fv2%2Fcomments&post=19650"}],"version-history":[{"count":1,"href":"https:\/\/encuentroinformativo.com.mx\/index.php?rest_route=\/wp\/v2\/posts\/19650\/revisions"}],"predecessor-version":[{"id":19652,"href":"https:\/\/encuentroinformativo.com.mx\/index.php?rest_route=\/wp\/v2\/posts\/19650\/revisions\/19652"}],"wp:featuredmedia":[{"embeddable":true,"href":"https:\/\/encuentroinformativo.com.mx\/index.php?rest_route=\/wp\/v2\/media\/19651"}],"wp:attachment":[{"href":"https:\/\/encuentroinformativo.com.mx\/index.php?rest_route=%2Fwp%2Fv2%2Fmedia&parent=19650"}],"wp:term":[{"taxonomy":"category","embeddable":true,"href":"https:\/\/encuentroinformativo.com.mx\/index.php?rest_route=%2Fwp%2Fv2%2Fcategories&post=19650"},{"taxonomy":"post_tag","embeddable":true,"href":"https:\/\/encuentroinformativo.com.mx\/index.php?rest_route=%2Fwp%2Fv2%2Ftags&post=19650"}],"curies":[{"name":"wp","href":"https:\/\/api.w.org\/{rel}","templated":true}]}}