{"id":19668,"date":"2021-10-25T09:17:00","date_gmt":"2021-10-25T14:17:00","guid":{"rendered":"https:\/\/encuentroinformativo.com.mx\/?p=19668"},"modified":"2021-10-25T09:17:03","modified_gmt":"2021-10-25T14:17:03","slug":"tejedoras-de-suenos","status":"publish","type":"post","link":"https:\/\/encuentroinformativo.com.mx\/?p=19668","title":{"rendered":"Tejedoras de Sue\u00f1os"},"content":{"rendered":"\n<p><strong>N\u00fameros Rojos<\/strong><\/p>\n\n\n\n<p><strong>Brenda Caballero<\/strong><\/p>\n\n\n\n<p>\u00bfQu\u00e9 hago all\u00ed? \u2013Se pregunt\u00f3 Nieves, cuando su amiga Gloria la invit\u00f3 a asistir a las reuniones que hac\u00eda el Grupo Juvecan Coatepec (Juntas Venciendo el C\u00e1ncer). Ella no ten\u00eda la enfermedad\u2013 \u00bfPara qu\u00e9 asistir a esas reuniones catorcenales? \u2013Se preguntaba una y otra vez.<\/p>\n\n\n\n<p>Fue hasta la tercera invitaci\u00f3n que acept\u00f3. \u201cTe da miedo saber del Grupo, y del c\u00e1ncer\u201d, cuenta Nieves. \u201cPero en esa primera reuni\u00f3n me sent\u00ed asombrada; me recibieron con tanto cari\u00f1o, y eso me motiv\u00f3 a seguir asistiendo\u201d. Ella lleva 5 a\u00f1os en Juvec\u00e1n como voluntaria.&nbsp;<\/p>\n\n\n\n<p>Dentro de Juvecan, Nieves es la encargada de hacer pr\u00f3tesis artesanales para las integrantes que pasan por una o ambas mastectom\u00edas. \u201cCuando vi la necesidad, de inmediato levant\u00e9 la mano. Yo s\u00e9 coser, puedo hacerlas si me proporcionan el molde\u201d.<\/p>\n\n\n\n<p>Nieves no recuerda el n\u00famero de pr\u00f3tesis que ha realizado exactamente, pero a cada una le pone su cari\u00f1o y comprensi\u00f3n, pues no es f\u00e1cil padecer la enfermedad. \u201cEs como cuando haces un platillo especial, no solamente sigues al pie de la letra la receta, le pones algo m\u00e1s\u2026\u201d<\/p>\n\n\n\n<p>Desde que escoge la tela, que debe ser de algod\u00f3n, limpia la linaza que tiene un peso especial para equilibrar con la otra mama y selecciona la esponja. Los materiales son donados por su amiga Gloria.<\/p>\n\n\n\n<p>Nieves cuenta que estuvo en la encrucijada del c\u00e1ncer de mama hace un par de a\u00f1os. \u201cEmpec\u00e9 a escuchar las pl\u00e1ticas y a realizarme la autoexploraci\u00f3n; sent\u00ed algo extra\u00f1o y me hice la mastograf\u00eda. El radi\u00f3logo me coment\u00f3 que necesitaba una biopsia. Me sent\u00ed muy mal de saberlo, pero trat\u00e9 de agilizar el papeleo para su realizaci\u00f3n. Tard\u00f3 aproximadamente un a\u00f1o en que me atendieran. En una cita con el onc\u00f3logo, \u00e9l me dijo todo lo que implicar\u00eda que tuviera c\u00e1ncer de mama. Ya lo sab\u00eda. Se admiraban de que mantuviera la calma y la paz. No soy religiosa, pero creo en Jes\u00fas, hac\u00eda oraci\u00f3n y me sent\u00ed acogida\u201d.<\/p>\n\n\n\n<p>Por fin, Nieves recibi\u00f3 apoyo a trav\u00e9s del Instituto Veracruzano de la Mujer. La canalizaron al Centro de Especialidades M\u00e9dicas. Le hicieron&nbsp; la biopsia y recibi\u00f3 la mejor de las noticias: Negativo.<\/p>\n\n\n\n<p>\u201cMe da gusto servir en lo que puedo, es un privilegio. Yo les aconsejo a todas las mujeres que no tengan miedo, que se autoexploren, que acudan a su m\u00e9dico y sobre todo que tengan fe\u201d.<\/p>\n\n\n\n<p>Nieves adem\u00e1s de hacer las pr\u00f3tesis artesanales, realiza las mascadas de las voluntarias y cose las bolsas de rehabilitaci\u00f3n que proporciona Juvecan.<\/p>\n\n\n\n<p><strong>La labor de Alicia&nbsp;<\/strong><\/p>\n\n\n\n<p>La chica de apenas 24 a\u00f1os, ten\u00eda el cabello largo hasta las pompas. \u201cTen\u00eda que cortarle ese hermoso cabello. Iba a recibir quimioterapia por padecer c\u00e1ncer de mama. Cuesta cortarlo&#8230; duele\u201d, dice Alicia Morales Orozco, quien lleva 20 a\u00f1os trabajando como estilista.<\/p>\n\n\n\n<p>Alicia es voluntaria del Grupo Juvecan Coatepec y tiene una dura tarea: Con ella llegan las mujeres que recibir\u00e1n quimioterapias. Les corta el cabello y posteriormente, de acuerdo a su forma de cara, les recomienda una peluca por si quieren usarla. \u201cNosotras le damos mucha importancia al cabello; con \u00e9l nos sentimos femeninas, hermosas, y el perderlo nos impacta demasiado\u201d.<\/p>\n\n\n\n<p>Aparte de ser la estilista de Juvecan, Alicia le da mantenimiento a las pelucas que algunas personas han donado. Les pone el shampoo, la mascarilla, les da forma, las peina y algunas veces hasta rulos les pone.<\/p>\n\n\n\n<p>Recuerda que se integr\u00f3 al Grupo Juvecan Coatepec hace aproximadamente 5 a\u00f1os, por invitaci\u00f3n de la doctora Rogelia L\u00f3pez Ocampo, Presidenta del mismo. \u201cMe motiva la labor tan humanitaria que realizan; quisiera apoyar m\u00e1s, pero hago lo posible desde mi trinchera\u201d.<\/p>\n\n\n\n<p>Octubre es el mes de la concientizaci\u00f3n, de la autoexploraci\u00f3n contra el c\u00e1ncer de mama, pero no olvidemos tambi\u00e9n a todas aquellas voluntarias que como Nieves, Gloria y Alicia ponen su granito para apoyar en la lucha contra el c\u00e1ncer de mama.<\/p>\n\n\n\n<p>@NumerosRojos_BC<\/p>\n\n\n\n<p><a href=\"mailto:caballero_brenda@hotmail.com\" target=\"_blank\" rel=\"noreferrer noopener\">caballero_brenda@hotmail.com<\/a><\/p>\n","protected":false},"excerpt":{"rendered":"<p>N\u00fameros Rojos Brenda Caballero \u00bfQu\u00e9 hago all\u00ed? \u2013Se pregunt\u00f3 Nieves, cuando su amiga Gloria la invit\u00f3 a asistir a las reuniones que hac\u00eda el Grupo Juvecan Coatepec (Juntas Venciendo el C\u00e1ncer). Ella no ten\u00eda la enfermedad\u2013 \u00bfPara qu\u00e9 asistir a esas reuniones catorcenales? \u2013Se preguntaba una y otra vez. Fue hasta la tercera invitaci\u00f3n que [&hellip;]<\/p>\n","protected":false},"author":1,"featured_media":387,"comment_status":"open","ping_status":"open","sticky":false,"template":"","format":"standard","meta":{"_jetpack_memberships_contains_paid_content":false,"footnotes":""},"categories":[11],"tags":[],"class_list":["post-19668","post","type-post","status-publish","format-standard","has-post-thumbnail","hentry","category-opinion"],"jetpack_featured_media_url":"https:\/\/encuentroinformativo.com.mx\/wp-content\/uploads\/2020\/03\/7CF8A22B-2764-47BE-8F7F-38FE9E5D6A2F.jpeg","jetpack_sharing_enabled":true,"jetpack_likes_enabled":true,"amp_enabled":true,"_links":{"self":[{"href":"https:\/\/encuentroinformativo.com.mx\/index.php?rest_route=\/wp\/v2\/posts\/19668","targetHints":{"allow":["GET"]}}],"collection":[{"href":"https:\/\/encuentroinformativo.com.mx\/index.php?rest_route=\/wp\/v2\/posts"}],"about":[{"href":"https:\/\/encuentroinformativo.com.mx\/index.php?rest_route=\/wp\/v2\/types\/post"}],"author":[{"embeddable":true,"href":"https:\/\/encuentroinformativo.com.mx\/index.php?rest_route=\/wp\/v2\/users\/1"}],"replies":[{"embeddable":true,"href":"https:\/\/encuentroinformativo.com.mx\/index.php?rest_route=%2Fwp%2Fv2%2Fcomments&post=19668"}],"version-history":[{"count":1,"href":"https:\/\/encuentroinformativo.com.mx\/index.php?rest_route=\/wp\/v2\/posts\/19668\/revisions"}],"predecessor-version":[{"id":19669,"href":"https:\/\/encuentroinformativo.com.mx\/index.php?rest_route=\/wp\/v2\/posts\/19668\/revisions\/19669"}],"wp:featuredmedia":[{"embeddable":true,"href":"https:\/\/encuentroinformativo.com.mx\/index.php?rest_route=\/wp\/v2\/media\/387"}],"wp:attachment":[{"href":"https:\/\/encuentroinformativo.com.mx\/index.php?rest_route=%2Fwp%2Fv2%2Fmedia&parent=19668"}],"wp:term":[{"taxonomy":"category","embeddable":true,"href":"https:\/\/encuentroinformativo.com.mx\/index.php?rest_route=%2Fwp%2Fv2%2Fcategories&post=19668"},{"taxonomy":"post_tag","embeddable":true,"href":"https:\/\/encuentroinformativo.com.mx\/index.php?rest_route=%2Fwp%2Fv2%2Ftags&post=19668"}],"curies":[{"name":"wp","href":"https:\/\/api.w.org\/{rel}","templated":true}]}}