{"id":19670,"date":"2021-10-25T09:21:19","date_gmt":"2021-10-25T14:21:19","guid":{"rendered":"https:\/\/encuentroinformativo.com.mx\/?p=19670"},"modified":"2021-10-25T09:21:22","modified_gmt":"2021-10-25T14:21:22","slug":"la-campana-de-sergio","status":"publish","type":"post","link":"https:\/\/encuentroinformativo.com.mx\/?p=19670","title":{"rendered":"La campa\u00f1a de Sergio"},"content":{"rendered":"\n<p><strong>Los Pol\u00edticos<\/strong><\/p>\n\n\n\n<p><strong>Salvador Mu\u00f1oz<\/strong><\/p>\n\n\n\n<p>Su presencia genera por un lado, malestar, incomodidad, sinsabores; por otro lado, hay comodidad, apertura, di\u00e1logo, hasta un dejo de que por fin, ya hay un acercamiento\u2026 todos estos sentimientos y percepciones las genera un diputado de Morena, Sergio Guti\u00e9rrez Luna, quien en un poco m\u00e1s de un mes, ha hecho lo que ning\u00fan legislador, secretario de Gobierno y en una de \u00e9sas, ni el mismo Gobernador: acercarse a todos.<\/p>\n\n\n\n<p>Cuando se dice \u201cTodos\u201d es todos. No Prensa escogida, amiga, a modo\u2026 a sus ruedas de prensa van quienes quieren ir; igual ya se reuni\u00f3 con empresarios del norte y del sur; ya con algunos alcaldes (a los que no les dieron permiso, con \u00e9sos no), con c\u00e1maras, con maestros, \u00a1con ca\u00f1eros! \u00a1Y en la Cuenca del Papaloapan! \u00a1Ay, dolor!&nbsp;<\/p>\n\n\n\n<p>En pocas palabras, Sergio Guti\u00e9rrez Luna est\u00e1 haciendo lo que cualquier moreno, sea diputado, alcalde, secretario despacho en Veracruz, deber\u00eda de estar haciendo desde hace ya casi tres o cuatro a\u00f1os\u2026<\/p>\n\n\n\n<p>Quiz\u00e1s por eso, por hacer todo muy diferente a lo que Morena en Veracruz nos ha mostrado, donde todos son cerrados, ap\u00e1ticos, a veces indiferentes o simplemente son conscientes de sus alcances (o limitaciones, para ser m\u00e1s precisos), es que para los grupos que son \u201cdue\u00f1os\u201d del Poder en Veracruz, les molesta quien no sigue sus reglas y no agacha la cerviz\u2026 o mejor a\u00fan: les incomoda saber que est\u00e1n con un igual, en situaci\u00f3n de poder pero no en comportamiento, actitudes o desplantes.<\/p>\n\n\n\n<p>Por supuesto que a todos nos queda claro que Sergio Guti\u00e9rrez Luna no se mueve por amor al pr\u00f3jimo\u2026 tampoco los que est\u00e1n en el poder. La diferencia es que el Legislador oriundo de Mina es pol\u00edtico; los otros son burdas caricaturas de pol\u00edticos.<\/p>\n\n\n\n<p>Sergio Guti\u00e9rrez Luna trae un proyecto en mente y lo mejor, tiene luz verde para caminar, recorrer el estado, reunirse con quien guste, y lo mejor, proyectar su imagen a tal grado que, como lo dijimos p\u00e1rrafos arriba, en poco m\u00e1s de un mes en el escenario pol\u00edtico veracruzano, ya est\u00e1 enlistado entre los posibles candidatos de Morena rumbo al 2024 con amplio margen para crecer y lo mejor, generar alianzas no s\u00f3lo con los desplazados por el Grupo en el Poder; no s\u00f3lo por los ofendidos, amedrentados y coptados; ac\u00e1 igual entran esos diversos sectores de la sociedad cuyas peticiones y demandas han topado con pared, toletes o indiferencia, y en este apartado, un grueso sector de los medios de comunicaci\u00f3n entran\u2026<\/p>\n\n\n\n<p>La figura de Guti\u00e9rrez Luna viene sin querer o queriendo, a limpiar un poco, un poquito, la imagen que se tiene en un alto porcentaje del Moreno\u2026 pocos son los que est\u00e1n en ese \u201cpoquito\u201d, como un Ricardo Ahued Bardahuil o un Juan Javier G\u00f3mez Cazar\u00edn.Conste, hablo en torno a la sociedad donde al menos, cada quien con su propio estilo, generan empat\u00eda con la colonia, con la comunidad, con el pueblo, con la raza de bronce. Curioso, pero ambos pol\u00edticos no son bien vistos por quienes se creen \u201cdue\u00f1os\u201d de Veracruz desde Palacio de Gobierno.<\/p>\n\n\n\n<p>As\u00ed que si los contamos, ese grupo de Poder en Palacio de Gobierno va sumando m\u00e1s molinos de viento a los cuales arremeter, v\u00eda prensa, v\u00eda coptando a otros morenos, v\u00eda bloqueos\u2026<\/p>\n\n\n\n<p>Por lo mientras, Sergio Guti\u00e9rrez Luna les genera ruido, escozor, molestia, porque no saben c\u00f3mo pararlo a tal grado que ha sido este grupo de Poder en Palacio de Gobierno quien m\u00e1s lo ha hecho crecer no tanto por los misiles enviados, sino por el vac\u00edo que gener\u00f3 entre Gobierno con sectores, con medios\u2026 con sociedad. De cierto modo la ineptitud de este grupo se convirti\u00f3 en el mejor propagandista del diputado que est\u00e1 en plena campa\u00f1a. \u00bfCampa\u00f1a de qu\u00e9? De lo que usted quiera.<\/p>\n\n\n\n<p><a href=\"mailto:smcainito@gmail.com\" target=\"_blank\" rel=\"noreferrer noopener\">smcainito@gmail.com<\/a><\/p>\n","protected":false},"excerpt":{"rendered":"<p>Los Pol\u00edticos Salvador Mu\u00f1oz Su presencia genera por un lado, malestar, incomodidad, sinsabores; por otro lado, hay comodidad, apertura, di\u00e1logo, hasta un dejo de que por fin, ya hay un acercamiento\u2026 todos estos sentimientos y percepciones las genera un diputado de Morena, Sergio Guti\u00e9rrez Luna, quien en un poco m\u00e1s de un mes, ha hecho [&hellip;]<\/p>\n","protected":false},"author":1,"featured_media":387,"comment_status":"open","ping_status":"open","sticky":false,"template":"","format":"standard","meta":{"_jetpack_memberships_contains_paid_content":false,"footnotes":""},"categories":[11],"tags":[],"class_list":["post-19670","post","type-post","status-publish","format-standard","has-post-thumbnail","hentry","category-opinion"],"jetpack_featured_media_url":"https:\/\/encuentroinformativo.com.mx\/wp-content\/uploads\/2020\/03\/7CF8A22B-2764-47BE-8F7F-38FE9E5D6A2F.jpeg","jetpack_sharing_enabled":true,"jetpack_likes_enabled":true,"amp_enabled":true,"_links":{"self":[{"href":"https:\/\/encuentroinformativo.com.mx\/index.php?rest_route=\/wp\/v2\/posts\/19670","targetHints":{"allow":["GET"]}}],"collection":[{"href":"https:\/\/encuentroinformativo.com.mx\/index.php?rest_route=\/wp\/v2\/posts"}],"about":[{"href":"https:\/\/encuentroinformativo.com.mx\/index.php?rest_route=\/wp\/v2\/types\/post"}],"author":[{"embeddable":true,"href":"https:\/\/encuentroinformativo.com.mx\/index.php?rest_route=\/wp\/v2\/users\/1"}],"replies":[{"embeddable":true,"href":"https:\/\/encuentroinformativo.com.mx\/index.php?rest_route=%2Fwp%2Fv2%2Fcomments&post=19670"}],"version-history":[{"count":1,"href":"https:\/\/encuentroinformativo.com.mx\/index.php?rest_route=\/wp\/v2\/posts\/19670\/revisions"}],"predecessor-version":[{"id":19671,"href":"https:\/\/encuentroinformativo.com.mx\/index.php?rest_route=\/wp\/v2\/posts\/19670\/revisions\/19671"}],"wp:featuredmedia":[{"embeddable":true,"href":"https:\/\/encuentroinformativo.com.mx\/index.php?rest_route=\/wp\/v2\/media\/387"}],"wp:attachment":[{"href":"https:\/\/encuentroinformativo.com.mx\/index.php?rest_route=%2Fwp%2Fv2%2Fmedia&parent=19670"}],"wp:term":[{"taxonomy":"category","embeddable":true,"href":"https:\/\/encuentroinformativo.com.mx\/index.php?rest_route=%2Fwp%2Fv2%2Fcategories&post=19670"},{"taxonomy":"post_tag","embeddable":true,"href":"https:\/\/encuentroinformativo.com.mx\/index.php?rest_route=%2Fwp%2Fv2%2Ftags&post=19670"}],"curies":[{"name":"wp","href":"https:\/\/api.w.org\/{rel}","templated":true}]}}