{"id":19672,"date":"2021-10-25T11:32:45","date_gmt":"2021-10-25T16:32:45","guid":{"rendered":"https:\/\/encuentroinformativo.com.mx\/?p=19672"},"modified":"2021-10-25T11:32:48","modified_gmt":"2021-10-25T16:32:48","slug":"promueven-expo-emprendedoras-en-el-parque-dona-falla","status":"publish","type":"post","link":"https:\/\/encuentroinformativo.com.mx\/?p=19672","title":{"rendered":"Promueven Expo Emprendedoras en el parque do\u00f1a Falla"},"content":{"rendered":"\n<p><strong>Dar\u00edo Pale<\/strong><\/p>\n\n\n\n<p>Xalapa, Ver.- Susana Fernandez P\u00e9rez coordinadora de la &#8220;Expo Emprendedoras Artesanos y Gastron\u00f3mica&#8221; tercera edici\u00f3n, dio a conocer que con el sem\u00e1foro epidemiol\u00f3gico en color verde la apertura de negocios reactivar\u00e1 la econom\u00eda.<\/p>\n\n\n\n<p>En conferencia de prensa realizada en conocido caf\u00e9 del centro de Xalapa, hizo una invitaci\u00f3n al p\u00fablico en general para que asista a este evento que se llevar\u00e1 a cabo en el parque Do\u00f1a Falla el pr\u00f3ximo 28 y 29 de octubre de 10:00 a 18:00 horas.<\/p>\n\n\n\n<p>Se\u00f1al\u00f3 que en esta ocasi\u00f3n participar\u00e1n aproximadamente 40 expositores de la regi\u00f3n como son Coatepec, Xico, Ixhuacan del Caf\u00e9, Naolinco, Actopan, Emiliano Zapata, del estado de Puebla entre otros, donde ofertar\u00e1n principalmente art\u00edculos del d\u00eda de muertos, con lo cual estas personas puedan llevar el sustento a sus familias.<\/p>\n\n\n\n<p>Finalmente dio a conocer que gracias a que el sem\u00e1foro epidemiol\u00f3gico se encuentra en color verde, y a la apertura del gobierno del estado se est\u00e1 incrementando la actividad econ\u00f3mica y se est\u00e1 superando el d\u00e9ficit econ\u00f3mico que exist\u00eda por la pandemia pero actualmente han superado sus expectativas de venta.<\/p>\n","protected":false},"excerpt":{"rendered":"<p>Dar\u00edo Pale Xalapa, Ver.- Susana Fernandez P\u00e9rez coordinadora de la &#8220;Expo Emprendedoras Artesanos y Gastron\u00f3mica&#8221; tercera edici\u00f3n, dio a conocer que con el sem\u00e1foro epidemiol\u00f3gico en color verde la apertura de negocios reactivar\u00e1 la econom\u00eda. En conferencia de prensa realizada en conocido caf\u00e9 del centro de Xalapa, hizo una invitaci\u00f3n al p\u00fablico en general para [&hellip;]<\/p>\n","protected":false},"author":1,"featured_media":19673,"comment_status":"open","ping_status":"open","sticky":false,"template":"","format":"standard","meta":{"_jetpack_memberships_contains_paid_content":false,"footnotes":""},"categories":[3],"tags":[],"class_list":["post-19672","post","type-post","status-publish","format-standard","has-post-thumbnail","hentry","category-xalapa"],"jetpack_featured_media_url":"https:\/\/encuentroinformativo.com.mx\/wp-content\/uploads\/2021\/10\/E9B33885-A4B1-47FA-B7E6-51E4C2CE887F.jpeg","jetpack_sharing_enabled":true,"jetpack_likes_enabled":true,"amp_enabled":true,"_links":{"self":[{"href":"https:\/\/encuentroinformativo.com.mx\/index.php?rest_route=\/wp\/v2\/posts\/19672","targetHints":{"allow":["GET"]}}],"collection":[{"href":"https:\/\/encuentroinformativo.com.mx\/index.php?rest_route=\/wp\/v2\/posts"}],"about":[{"href":"https:\/\/encuentroinformativo.com.mx\/index.php?rest_route=\/wp\/v2\/types\/post"}],"author":[{"embeddable":true,"href":"https:\/\/encuentroinformativo.com.mx\/index.php?rest_route=\/wp\/v2\/users\/1"}],"replies":[{"embeddable":true,"href":"https:\/\/encuentroinformativo.com.mx\/index.php?rest_route=%2Fwp%2Fv2%2Fcomments&post=19672"}],"version-history":[{"count":1,"href":"https:\/\/encuentroinformativo.com.mx\/index.php?rest_route=\/wp\/v2\/posts\/19672\/revisions"}],"predecessor-version":[{"id":19674,"href":"https:\/\/encuentroinformativo.com.mx\/index.php?rest_route=\/wp\/v2\/posts\/19672\/revisions\/19674"}],"wp:featuredmedia":[{"embeddable":true,"href":"https:\/\/encuentroinformativo.com.mx\/index.php?rest_route=\/wp\/v2\/media\/19673"}],"wp:attachment":[{"href":"https:\/\/encuentroinformativo.com.mx\/index.php?rest_route=%2Fwp%2Fv2%2Fmedia&parent=19672"}],"wp:term":[{"taxonomy":"category","embeddable":true,"href":"https:\/\/encuentroinformativo.com.mx\/index.php?rest_route=%2Fwp%2Fv2%2Fcategories&post=19672"},{"taxonomy":"post_tag","embeddable":true,"href":"https:\/\/encuentroinformativo.com.mx\/index.php?rest_route=%2Fwp%2Fv2%2Ftags&post=19672"}],"curies":[{"name":"wp","href":"https:\/\/api.w.org\/{rel}","templated":true}]}}