{"id":19675,"date":"2021-10-25T12:24:52","date_gmt":"2021-10-25T17:24:52","guid":{"rendered":"https:\/\/encuentroinformativo.com.mx\/?p=19675"},"modified":"2021-10-25T12:24:55","modified_gmt":"2021-10-25T17:24:55","slug":"por-tanta-regulacion-en-riesgo-escuelas-particulares-maestros","status":"publish","type":"post","link":"https:\/\/encuentroinformativo.com.mx\/?p=19675","title":{"rendered":"Por tanta regulaci\u00f3n, en riesgo escuelas particulares: Maestros"},"content":{"rendered":"\n<p><strong>Dar\u00edo Pale<\/strong> <\/p>\n\n\n\n<p>Xalapa, Ver.- Integrantes de la Alianza de Maestros A.C. dieron a conocer que si se impone la norma 237 se elevar\u00edan los costos en las escuelas particulares lo cual provocar\u00eda una gran deserci\u00f3n por sobreregulaci\u00f3n.<\/p>\n\n\n\n<p>En conferencia de prensa realizada en conocido caf\u00e9 del centro de Xalapa se\u00f1alaron que les preocupa porque la Secretar\u00eda de Educaci\u00f3n P\u00fablica quiere &#8220;imponer&#8221; la Norma 237, por la que desaparecer\u00edan los colegios particulares al exigirles tanta regulaci\u00f3n.<\/p>\n\n\n\n<p>Ignacio Guadarrama, delegado de la Asociaci\u00f3n coment\u00f3 que, &#8220;les est\u00e1n pidiendo regulaci\u00f3n tras regulaci\u00f3n, asimismo se van a encarecer los \u00fatiles escolares, cuotas para padres, va a ser un problema, un control nacional de las escuelas particulares, adem\u00e1s del que ya existe&#8221;.<\/p>\n\n\n\n<p>Sostuvo que si se implanta dicha norma comenzar\u00e1 a regir a partir del pr\u00f3ximo a\u00f1o.<\/p>\n\n\n\n<p>Se\u00f1al\u00f3 que en este momento se llevan a cabo reuniones con la Secretar\u00eda de Econom\u00eda y de Educaci\u00f3n P\u00fablica para decirles que no es correcta dicha norma porque habr\u00eda m\u00e1s impuestos y los costos de ese tipo de educaci\u00f3n se elevar\u00edan.<\/p>\n\n\n\n<p>&#8220;Muchos padres tendr\u00e1n que retirar a sus hijos de las escuelas. Las escuelas particulares ayudan al gobierno Federal porque no puede \u00e9ste asumir toda la carga y por lo tanto una gran deserci\u00f3n&#8221;, inform\u00f3.<\/p>\n\n\n\n<p>Por otra parte Sara Marcela Ortega Estrada, expuso que con dicha norma se generar\u00eda una sobreregulaci\u00f3n y costos excesivos a los padres de familia y a toda la comunidad educativa.<\/p>\n\n\n\n<p>&#8220;Coincidimos a lo expresado por el presidente de SUMA por la Educaci\u00f3n A.C. en el sentido de que la ideologizaci\u00f3n y contenidos inadecuados no han cesado, sigue todo esto a trav\u00e9s de los programas de estudio, toda esta ideolog\u00eda de g\u00e9nero y se incluyen principalmente en los libros de texto gratuitos de Ciencias Naturales, Historia y Espa\u00f1ol&#8221;, opin\u00f3.<\/p>\n\n\n\n<p>Agreg\u00f3 que dentro del nuevo modelo educativo de educaci\u00f3n oficial de ocho a 10 alumnos pasaron grado sin aprender los contenidos b\u00e1sicos.<\/p>\n\n\n\n<p>Finalmente afirm\u00f3 que actualmente la asistencia a clases ha disminuido en un 63.6 por ciento.<\/p>\n","protected":false},"excerpt":{"rendered":"<p>Dar\u00edo Pale Xalapa, Ver.- Integrantes de la Alianza de Maestros A.C. dieron a conocer que si se impone la norma 237 se elevar\u00edan los costos en las escuelas particulares lo cual provocar\u00eda una gran deserci\u00f3n por sobreregulaci\u00f3n. En conferencia de prensa realizada en conocido caf\u00e9 del centro de Xalapa se\u00f1alaron que les preocupa porque la [&hellip;]<\/p>\n","protected":false},"author":1,"featured_media":19676,"comment_status":"open","ping_status":"open","sticky":false,"template":"","format":"standard","meta":{"_jetpack_memberships_contains_paid_content":false,"footnotes":""},"categories":[3],"tags":[],"class_list":["post-19675","post","type-post","status-publish","format-standard","has-post-thumbnail","hentry","category-xalapa"],"jetpack_featured_media_url":"https:\/\/encuentroinformativo.com.mx\/wp-content\/uploads\/2021\/10\/58B8391A-032E-4F13-9573-58CD5EF8800B.jpeg","jetpack_sharing_enabled":true,"jetpack_likes_enabled":true,"amp_enabled":true,"_links":{"self":[{"href":"https:\/\/encuentroinformativo.com.mx\/index.php?rest_route=\/wp\/v2\/posts\/19675","targetHints":{"allow":["GET"]}}],"collection":[{"href":"https:\/\/encuentroinformativo.com.mx\/index.php?rest_route=\/wp\/v2\/posts"}],"about":[{"href":"https:\/\/encuentroinformativo.com.mx\/index.php?rest_route=\/wp\/v2\/types\/post"}],"author":[{"embeddable":true,"href":"https:\/\/encuentroinformativo.com.mx\/index.php?rest_route=\/wp\/v2\/users\/1"}],"replies":[{"embeddable":true,"href":"https:\/\/encuentroinformativo.com.mx\/index.php?rest_route=%2Fwp%2Fv2%2Fcomments&post=19675"}],"version-history":[{"count":1,"href":"https:\/\/encuentroinformativo.com.mx\/index.php?rest_route=\/wp\/v2\/posts\/19675\/revisions"}],"predecessor-version":[{"id":19677,"href":"https:\/\/encuentroinformativo.com.mx\/index.php?rest_route=\/wp\/v2\/posts\/19675\/revisions\/19677"}],"wp:featuredmedia":[{"embeddable":true,"href":"https:\/\/encuentroinformativo.com.mx\/index.php?rest_route=\/wp\/v2\/media\/19676"}],"wp:attachment":[{"href":"https:\/\/encuentroinformativo.com.mx\/index.php?rest_route=%2Fwp%2Fv2%2Fmedia&parent=19675"}],"wp:term":[{"taxonomy":"category","embeddable":true,"href":"https:\/\/encuentroinformativo.com.mx\/index.php?rest_route=%2Fwp%2Fv2%2Fcategories&post=19675"},{"taxonomy":"post_tag","embeddable":true,"href":"https:\/\/encuentroinformativo.com.mx\/index.php?rest_route=%2Fwp%2Fv2%2Ftags&post=19675"}],"curies":[{"name":"wp","href":"https:\/\/api.w.org\/{rel}","templated":true}]}}