{"id":19683,"date":"2021-10-25T13:09:07","date_gmt":"2021-10-25T18:09:07","guid":{"rendered":"https:\/\/encuentroinformativo.com.mx\/?p=19683"},"modified":"2021-10-25T13:09:12","modified_gmt":"2021-10-25T18:09:12","slug":"aprovechan-jornada-de-vacunacion-para-realizar-ventas","status":"publish","type":"post","link":"https:\/\/encuentroinformativo.com.mx\/?p=19683","title":{"rendered":"Aprovechan jornada de vacunaci\u00f3n para realizar ventas"},"content":{"rendered":"\n<p><strong>Juan Arcos <\/strong><\/p>\n\n\n\n<p>Xico, Ver.- Un grupo de personas hizo negocio y aprovech\u00f3 la gran afluencia en la aplicaci\u00f3n de la segunda dosis de la vacuna contra SARS-COV-2 (COVID-19) en el municipio de Xico, comercializando lapiceros y copias del formato de vacunaci\u00f3n.<\/p>\n\n\n\n<p>Las cinco personas recorr\u00edan las cuadras que abarcaba la fila sobre las calles Jos\u00e9 Mar\u00eda Morelos y Pav\u00f3n, Vicente Guerrero , Francisco Javier Mina e Independencia, para vender el documento exigido como requisito en diez pesos.<\/p>\n\n\n\n<p>Las personas estaban formadas alrededor de dos manzanas y deb\u00edan esperar m\u00e1s de tres horas para recibir el biol\u00f3gico contra el coronavirus.<\/p>\n\n\n\n<p>De acuerdo con Mar\u00eda Guadalupe Hern\u00e1ndez Ram\u00edrez, vecina de dicha localidad, acudi\u00f3 al sal\u00f3n social \u201cBenito Ju\u00e1rez\u201d, habilitado como sede, a las 9:30 horas de este lunes y accedi\u00f3 a la vacuna despu\u00e9s del mediod\u00eda.<\/p>\n\n\n\n<p>Los pobladores denunciaron que hubo falta de organizaci\u00f3n en el proceso, toda vez que hab\u00eda horarios establecidos, dependiendo la primera letra del primer apellido y no fueron respetados.<\/p>\n\n\n\n<p>La convocatoria tambi\u00e9n contemplaba a mujeres embarazadas mayores de edad, quienes tuvieron que esperar m\u00e1s de tres horas formadas bajo el sol para vacunarse.<\/p>\n\n\n\n<p>Tambi\u00e9n se permiti\u00f3 el acceso a rezagados, entre ellos a adultos mayores, quienes debieron esperar el mismo tiempo para ser atendidos.<\/p>\n\n\n\n<p>Dicha situaci\u00f3n fue criticada por los pobladores, pues desde el inicio pudo haberse establecido una fila preferencial para embarazadas y personas de la tercera edad.<\/p>\n\n\n\n<p>La zona fue resguardada por elementos de la Secretar\u00eda de Seguridad P\u00fablica (SSP) y de la Direcci\u00f3n General de Tr\u00e1nsito y Seguridad Vial (DGTSV). Tambi\u00e9n se observ\u00f3 a personal de Protecci\u00f3n Civil Municipal y param\u00e9dicos en ambulancias.<\/p>\n\n\n\n<p>En esta sede fue aplicada la segunda dosis de la farmac\u00e9utica AstraZeneca y la unidosis Cansino para los rezagados, en un horario de ocho de la ma\u00f1ana a seis de la tarde.<\/p>\n\n\n\n<figure class=\"wp-block-image size-large\"><img loading=\"lazy\" decoding=\"async\" width=\"1024\" height=\"768\" src=\"https:\/\/encuentroinformativo.com.mx\/wp-content\/uploads\/2021\/10\/F64861E8-487E-44B2-B316-73358BFF9EBE-1024x768.jpeg\" alt=\"\" class=\"wp-image-19680\" srcset=\"https:\/\/encuentroinformativo.com.mx\/wp-content\/uploads\/2021\/10\/F64861E8-487E-44B2-B316-73358BFF9EBE-1024x768.jpeg 1024w, https:\/\/encuentroinformativo.com.mx\/wp-content\/uploads\/2021\/10\/F64861E8-487E-44B2-B316-73358BFF9EBE-300x225.jpeg 300w, https:\/\/encuentroinformativo.com.mx\/wp-content\/uploads\/2021\/10\/F64861E8-487E-44B2-B316-73358BFF9EBE-768x576.jpeg 768w, https:\/\/encuentroinformativo.com.mx\/wp-content\/uploads\/2021\/10\/F64861E8-487E-44B2-B316-73358BFF9EBE-1536x1152.jpeg 1536w, https:\/\/encuentroinformativo.com.mx\/wp-content\/uploads\/2021\/10\/F64861E8-487E-44B2-B316-73358BFF9EBE.jpeg 2016w\" sizes=\"auto, (max-width: 1024px) 100vw, 1024px\" \/><\/figure>\n","protected":false},"excerpt":{"rendered":"<p>Juan Arcos Xico, Ver.- Un grupo de personas hizo negocio y aprovech\u00f3 la gran afluencia en la aplicaci\u00f3n de la segunda dosis de la vacuna contra SARS-COV-2 (COVID-19) en el municipio de Xico, comercializando lapiceros y copias del formato de vacunaci\u00f3n. Las cinco personas recorr\u00edan las cuadras que abarcaba la fila sobre las calles Jos\u00e9 [&hellip;]<\/p>\n","protected":false},"author":1,"featured_media":19679,"comment_status":"open","ping_status":"open","sticky":false,"template":"","format":"standard","meta":{"_jetpack_memberships_contains_paid_content":false,"footnotes":""},"categories":[8],"tags":[],"class_list":["post-19683","post","type-post","status-publish","format-standard","has-post-thumbnail","hentry","category-region"],"jetpack_featured_media_url":"https:\/\/encuentroinformativo.com.mx\/wp-content\/uploads\/2021\/10\/1D809BC9-64A6-4802-A716-A2BEF6E00E23.jpeg","jetpack_sharing_enabled":true,"jetpack_likes_enabled":true,"amp_enabled":true,"_links":{"self":[{"href":"https:\/\/encuentroinformativo.com.mx\/index.php?rest_route=\/wp\/v2\/posts\/19683","targetHints":{"allow":["GET"]}}],"collection":[{"href":"https:\/\/encuentroinformativo.com.mx\/index.php?rest_route=\/wp\/v2\/posts"}],"about":[{"href":"https:\/\/encuentroinformativo.com.mx\/index.php?rest_route=\/wp\/v2\/types\/post"}],"author":[{"embeddable":true,"href":"https:\/\/encuentroinformativo.com.mx\/index.php?rest_route=\/wp\/v2\/users\/1"}],"replies":[{"embeddable":true,"href":"https:\/\/encuentroinformativo.com.mx\/index.php?rest_route=%2Fwp%2Fv2%2Fcomments&post=19683"}],"version-history":[{"count":1,"href":"https:\/\/encuentroinformativo.com.mx\/index.php?rest_route=\/wp\/v2\/posts\/19683\/revisions"}],"predecessor-version":[{"id":19684,"href":"https:\/\/encuentroinformativo.com.mx\/index.php?rest_route=\/wp\/v2\/posts\/19683\/revisions\/19684"}],"wp:featuredmedia":[{"embeddable":true,"href":"https:\/\/encuentroinformativo.com.mx\/index.php?rest_route=\/wp\/v2\/media\/19679"}],"wp:attachment":[{"href":"https:\/\/encuentroinformativo.com.mx\/index.php?rest_route=%2Fwp%2Fv2%2Fmedia&parent=19683"}],"wp:term":[{"taxonomy":"category","embeddable":true,"href":"https:\/\/encuentroinformativo.com.mx\/index.php?rest_route=%2Fwp%2Fv2%2Fcategories&post=19683"},{"taxonomy":"post_tag","embeddable":true,"href":"https:\/\/encuentroinformativo.com.mx\/index.php?rest_route=%2Fwp%2Fv2%2Ftags&post=19683"}],"curies":[{"name":"wp","href":"https:\/\/api.w.org\/{rel}","templated":true}]}}