{"id":19688,"date":"2021-10-25T13:28:46","date_gmt":"2021-10-25T18:28:46","guid":{"rendered":"https:\/\/encuentroinformativo.com.mx\/?p=19688"},"modified":"2021-10-25T13:28:49","modified_gmt":"2021-10-25T18:28:49","slug":"desconoce-gobernador-al-diputado-sergio-gutierrez","status":"publish","type":"post","link":"https:\/\/encuentroinformativo.com.mx\/?p=19688","title":{"rendered":"Desconoce Gobernador al diputado Sergio Guti\u00e9rrez"},"content":{"rendered":"\n<p><strong>Redacci\u00f3n<\/strong><\/p>\n\n\n\n<p>Xalapa, Ver.- El gobernador Cuitl\u00e1huac Garc\u00eda Jim\u00e9nez desconoci\u00f3 al presidente de la mesa directiva de San L\u00e1zaro, el diputado federal Sergio Guti\u00e9rrez Luna.<\/p>\n\n\n\n<p>Durante la conferencia de prensa, el ejecutivo fue cuestionado sobre las giras de trabajo que el legislador realiza los fines de semana por la entidad veracruzana, ante lo cual se\u00f1al\u00f3 que no lo conoce debido a que \u00e9l es diputado por Texcoco.<\/p>\n\n\n\n<p>En ese tenor el mandatario cuestion\u00f3 que durante los cuatro a\u00f1os del Movimiento al que pertenece nunca lo vio por el estado, por lo que insisti\u00f3 que debe haber hecho algo pero en Texcoco y no en Veracruz.<\/p>\n\n\n\n<p>Sin embargo, el ejecutivo estatal le hizo un llamado al legislador para que \u201csaque\u201d la Reforma El\u00e9ctrica.<\/p>\n\n\n\n<p>\u201cNo lo conozco, la verdad. No es diputado de Veracruz, \u00e9l es diputado del estado de M\u00e9xico, gan\u00f3 la diputaci\u00f3n por el estado de M\u00e9xico y se reeligi\u00f3 como diputado del estado de M\u00e9xico por eso no tengo relaci\u00f3n con \u00e9l, me dicen su nombre y s\u00e9 qui\u00e9n es pero no lo conozco, no s\u00e9 qui\u00e9n es, qu\u00e9 hizo donde estuvo\u201d.<\/p>\n\n\n\n<p>Aqu\u00ed estuvimos luchando cuatro a\u00f1os en esta \u00faltima etapa\u2026 y yo nunca vi a un Sergio Guti\u00e9rrez Luna aqu\u00ed. Por eso digo que no lo conozco, es presidente del Congreso, entiendo que debe tener all\u00e1 algo de trabajo, le pido y ah\u00ed vamos a ver si esta con la transformaci\u00f3n o no, que saque la reforma el\u00e9ctrica, enfatiz\u00f3.<\/p>\n\n\n\n<p>Pese a ello Garc\u00eda Jim\u00e9nez afirm\u00f3 que es \u201crespetuoso\u201d de todos y que no le molesta las actividades que realiza. \u201cSupongo que algo hizo en Texcoco donde lo nombraron diputado\u201d.<\/p>\n","protected":false},"excerpt":{"rendered":"<p>Redacci\u00f3n Xalapa, Ver.- El gobernador Cuitl\u00e1huac Garc\u00eda Jim\u00e9nez desconoci\u00f3 al presidente de la mesa directiva de San L\u00e1zaro, el diputado federal Sergio Guti\u00e9rrez Luna. Durante la conferencia de prensa, el ejecutivo fue cuestionado sobre las giras de trabajo que el legislador realiza los fines de semana por la entidad veracruzana, ante lo cual se\u00f1al\u00f3 que [&hellip;]<\/p>\n","protected":false},"author":1,"featured_media":19686,"comment_status":"open","ping_status":"open","sticky":false,"template":"","format":"standard","meta":{"_jetpack_memberships_contains_paid_content":false,"footnotes":""},"categories":[2],"tags":[],"class_list":["post-19688","post","type-post","status-publish","format-standard","has-post-thumbnail","hentry","category-estado"],"jetpack_featured_media_url":"https:\/\/encuentroinformativo.com.mx\/wp-content\/uploads\/2021\/10\/C3705621-58BE-4796-9F26-1FC26AD7B6EB.jpeg","jetpack_sharing_enabled":true,"jetpack_likes_enabled":true,"amp_enabled":true,"_links":{"self":[{"href":"https:\/\/encuentroinformativo.com.mx\/index.php?rest_route=\/wp\/v2\/posts\/19688","targetHints":{"allow":["GET"]}}],"collection":[{"href":"https:\/\/encuentroinformativo.com.mx\/index.php?rest_route=\/wp\/v2\/posts"}],"about":[{"href":"https:\/\/encuentroinformativo.com.mx\/index.php?rest_route=\/wp\/v2\/types\/post"}],"author":[{"embeddable":true,"href":"https:\/\/encuentroinformativo.com.mx\/index.php?rest_route=\/wp\/v2\/users\/1"}],"replies":[{"embeddable":true,"href":"https:\/\/encuentroinformativo.com.mx\/index.php?rest_route=%2Fwp%2Fv2%2Fcomments&post=19688"}],"version-history":[{"count":1,"href":"https:\/\/encuentroinformativo.com.mx\/index.php?rest_route=\/wp\/v2\/posts\/19688\/revisions"}],"predecessor-version":[{"id":19689,"href":"https:\/\/encuentroinformativo.com.mx\/index.php?rest_route=\/wp\/v2\/posts\/19688\/revisions\/19689"}],"wp:featuredmedia":[{"embeddable":true,"href":"https:\/\/encuentroinformativo.com.mx\/index.php?rest_route=\/wp\/v2\/media\/19686"}],"wp:attachment":[{"href":"https:\/\/encuentroinformativo.com.mx\/index.php?rest_route=%2Fwp%2Fv2%2Fmedia&parent=19688"}],"wp:term":[{"taxonomy":"category","embeddable":true,"href":"https:\/\/encuentroinformativo.com.mx\/index.php?rest_route=%2Fwp%2Fv2%2Fcategories&post=19688"},{"taxonomy":"post_tag","embeddable":true,"href":"https:\/\/encuentroinformativo.com.mx\/index.php?rest_route=%2Fwp%2Fv2%2Ftags&post=19688"}],"curies":[{"name":"wp","href":"https:\/\/api.w.org\/{rel}","templated":true}]}}