{"id":19695,"date":"2021-10-25T14:41:13","date_gmt":"2021-10-25T19:41:13","guid":{"rendered":"https:\/\/encuentroinformativo.com.mx\/?p=19695"},"modified":"2021-10-25T14:41:17","modified_gmt":"2021-10-25T19:41:17","slug":"ambientalistas-promueven-protestas-masivas","status":"publish","type":"post","link":"https:\/\/encuentroinformativo.com.mx\/?p=19695","title":{"rendered":"Ambientalistas promueven protestas masivas"},"content":{"rendered":"\n<p><strong>Juan Arcos <\/strong><\/p>\n\n\n\n<p>Xalapa, Ver.- Agrupaciones de activistas consideraron que contin\u00faan siendo constantes los ataques en contra del territorio, sobre todo por \u201cproyectos de muerte\u201d que atentan contra el entorno ecol\u00f3gico.<\/p>\n\n\n\n<p>Los grupos de resistencia civil se oponen a proyectos de fracking -extracci\u00f3n hidr\u00e1ulica de hidrocarburos-, miner\u00eda t\u00f3xica, hidroel\u00e9ctricas, gasoductos, corredores interoce\u00e1nicos, tren maya, energ\u00eda nuclear, monocultivos y uso excesivo de agrot\u00f3xicos, deforestaci\u00f3n, agronegocios, privatizaci\u00f3n del agua y grandes parques industriales ligados a la expansi\u00f3n econ\u00f3mica de nuevos corredores.<\/p>\n\n\n\n<p>Tambi\u00e9n han emprendido una lucha en defensa de las v\u00edctimas de la violencia, en la b\u00fasqueda de familiares desaparecidos, en la lucha por la erradicaci\u00f3n de la violencia de g\u00e9nero, en la defensa de los derechos humanos en general.<\/p>\n\n\n\n<p>Est\u00e1n a favor de la defensa de los pueblos que rechazan las altas tarifas de la energ\u00eda el\u00e9ctrica y que impulsan las radios comunitarias, la defensa del espacio p\u00fablico, de las \u00e1reas verdes, de los r\u00edos, bosques, selvas, humedales y lagunas costeras.<\/p>\n\n\n\n<p>Consideraron que la pandemia y los protocolos para intentar superar el SARS-COV-2 (COVID-19) impusieron medidas que inhiben la movilidad de la sociedad y de las comunidades, pues las actividades se redujeron con la sana distancia, la suspensi\u00f3n de las clases presenciales, las fiestas, las labores no esenciales.<\/p>\n\n\n\n<p>De esta manera en Veracruz, como en otras partes, han disminuido las movilizaciones, las reuniones masivas y otras acciones como bloqueos y m\u00edtines para exigir atender problemas.<\/p>\n\n\n\n<p>\u201cReconocemos este escenario adverso y que esta crisis no es s\u00f3lo del sistema capitalista, sino que es la crisis de toda una concepci\u00f3n del mundo y de la vida, una mentalidad basada en el ansia por la acumulaci\u00f3n, la sobreestimaci\u00f3n de la tecnolog\u00eda, la depredaci\u00f3n de la naturaleza y la explotaci\u00f3n de las personas sin respeto a sus derechos laborales y derecho a la emancipaci\u00f3n\u201d, expresaron.<\/p>\n\n\n\n<p>La Asamblea Veracruzana de Iniciativas y Defensa Ambiental (Lavida), La Cigarra, La Uni\u00f3n Veracruzana de Pueblos Libres de Miner\u00eda T\u00f3xica, La Alianza de Usuarios en Defensa del R\u00edo Bobos-Nautla y otras organizaciones planean llevar a cabo una protesta y concentraci\u00f3n el pr\u00f3ximo 20 de noviembre en el municipio de Tlapacoyan.<\/p>\n","protected":false},"excerpt":{"rendered":"<p>Juan Arcos Xalapa, Ver.- Agrupaciones de activistas consideraron que contin\u00faan siendo constantes los ataques en contra del territorio, sobre todo por \u201cproyectos de muerte\u201d que atentan contra el entorno ecol\u00f3gico. Los grupos de resistencia civil se oponen a proyectos de fracking -extracci\u00f3n hidr\u00e1ulica de hidrocarburos-, miner\u00eda t\u00f3xica, hidroel\u00e9ctricas, gasoductos, corredores interoce\u00e1nicos, tren maya, energ\u00eda nuclear, [&hellip;]<\/p>\n","protected":false},"author":1,"featured_media":19696,"comment_status":"open","ping_status":"open","sticky":false,"template":"","format":"standard","meta":{"_jetpack_memberships_contains_paid_content":false,"footnotes":""},"categories":[2],"tags":[],"class_list":["post-19695","post","type-post","status-publish","format-standard","has-post-thumbnail","hentry","category-estado"],"jetpack_featured_media_url":"https:\/\/encuentroinformativo.com.mx\/wp-content\/uploads\/2021\/10\/48917AFD-F60D-4487-B22E-5F5E4ECD5F18.jpeg","jetpack_sharing_enabled":true,"jetpack_likes_enabled":true,"amp_enabled":true,"_links":{"self":[{"href":"https:\/\/encuentroinformativo.com.mx\/index.php?rest_route=\/wp\/v2\/posts\/19695","targetHints":{"allow":["GET"]}}],"collection":[{"href":"https:\/\/encuentroinformativo.com.mx\/index.php?rest_route=\/wp\/v2\/posts"}],"about":[{"href":"https:\/\/encuentroinformativo.com.mx\/index.php?rest_route=\/wp\/v2\/types\/post"}],"author":[{"embeddable":true,"href":"https:\/\/encuentroinformativo.com.mx\/index.php?rest_route=\/wp\/v2\/users\/1"}],"replies":[{"embeddable":true,"href":"https:\/\/encuentroinformativo.com.mx\/index.php?rest_route=%2Fwp%2Fv2%2Fcomments&post=19695"}],"version-history":[{"count":1,"href":"https:\/\/encuentroinformativo.com.mx\/index.php?rest_route=\/wp\/v2\/posts\/19695\/revisions"}],"predecessor-version":[{"id":19697,"href":"https:\/\/encuentroinformativo.com.mx\/index.php?rest_route=\/wp\/v2\/posts\/19695\/revisions\/19697"}],"wp:featuredmedia":[{"embeddable":true,"href":"https:\/\/encuentroinformativo.com.mx\/index.php?rest_route=\/wp\/v2\/media\/19696"}],"wp:attachment":[{"href":"https:\/\/encuentroinformativo.com.mx\/index.php?rest_route=%2Fwp%2Fv2%2Fmedia&parent=19695"}],"wp:term":[{"taxonomy":"category","embeddable":true,"href":"https:\/\/encuentroinformativo.com.mx\/index.php?rest_route=%2Fwp%2Fv2%2Fcategories&post=19695"},{"taxonomy":"post_tag","embeddable":true,"href":"https:\/\/encuentroinformativo.com.mx\/index.php?rest_route=%2Fwp%2Fv2%2Ftags&post=19695"}],"curies":[{"name":"wp","href":"https:\/\/api.w.org\/{rel}","templated":true}]}}