{"id":19698,"date":"2021-10-25T14:56:21","date_gmt":"2021-10-25T19:56:21","guid":{"rendered":"https:\/\/encuentroinformativo.com.mx\/?p=19698"},"modified":"2021-10-25T14:56:24","modified_gmt":"2021-10-25T19:56:24","slug":"dias-de-muertos-tradicion-no-obligacion-evangelicos","status":"publish","type":"post","link":"https:\/\/encuentroinformativo.com.mx\/?p=19698","title":{"rendered":"D\u00edas de Muertos, tradici\u00f3n no obligaci\u00f3n: Evang\u00e9licos"},"content":{"rendered":"\n<p><strong>Dar\u00edo Pale<\/strong> <\/p>\n\n\n\n<p>Xalapa, Ver.- Solicitan al titular de la Secretar\u00eda de Educaci\u00f3n de Veracruz (SEV), Zenyazen Escobar Garc\u00eda que instruya a los docentes de manera respetuosa, no obliguen a los estudiantes que profesan dicha religi\u00f3n, a festejar el D\u00eda de Muertos, as\u00ed lo dio a conocer el presidente de la Red de Evang\u00e9lica del Estado, Guillermo Trujillo \u00c1lvarez.<\/p>\n\n\n\n<p>En conferencia de prensa realizada en conocido caf\u00e9 del centro de Xalapa se\u00f1al\u00f3 que, \u00a0la fe y convicci\u00f3n de los evang\u00e9licos es que a los muertos se les recuerda, se les guarda en el coraz\u00f3n, se les respeta, pero no se les celebra.<\/p>\n\n\n\n<p>Se\u00f1al\u00f3 que la Biblia dice que hay que dejar los vivos entierren a sus muertos y que los difuntos deben estar en la memoria y en el coraz\u00f3n, que a las personas se les debe honrar en vida no en muerte.<\/p>\n\n\n\n<p>&#8220;Respetamos las tradiciones, a los que creen en esto, a los que creen en la muerte y en el culto a los muertos, nuestro respeto, pero no creemos en ello y en muchas ocasiones los maestros, directores quieren obligar a los alumnos y cada a\u00f1o nos pasa lo mismo, quieren obligarlos a celebrar esto que no creemos. Ya empezaron un poquito el acoso hacia nuestros alumnos a quererlos obligar&#8221;, se\u00f1al\u00f3.<\/p>\n\n\n\n<p>&#8220;Ya recibimos algunas llamadas la semana pasada, entonces queremos hacer este llamado al secretario de Educaci\u00f3n, vemos que es una persona capaz, que ha hecho bien las cosas, nuestro reconocimiento a su trabajo&#8221;, agreg\u00f3.<\/p>\n\n\n\n<p>El l\u00edder de la comunidad evang\u00e9lica aclar\u00f3 que no est\u00e1n en contra de las tradiciones, al consumo de los productos de la temporada para reactivar la econom\u00eda, pero pidi\u00f3 que no se metan en la educaci\u00f3n de los ni\u00f1os de su comunidad.<\/p>\n\n\n\n<p>Finalmente reproch\u00f3 que, &#8220;lo respetamos como una tradici\u00f3n, pero no una obligaci\u00f3n, el problema es que quieren obligar y hasta amenazan a nuestros alumnos con bajarles puntos, calificaciones, en el sentido de que hay que hacer un ejercicio, una tarea, hay que cumplir porque est\u00e1 en el programa educativo, si no participas en el altar de muertos&#8221;.<\/p>\n","protected":false},"excerpt":{"rendered":"<p>Dar\u00edo Pale Xalapa, Ver.- Solicitan al titular de la Secretar\u00eda de Educaci\u00f3n de Veracruz (SEV), Zenyazen Escobar Garc\u00eda que instruya a los docentes de manera respetuosa, no obliguen a los estudiantes que profesan dicha religi\u00f3n, a festejar el D\u00eda de Muertos, as\u00ed lo dio a conocer el presidente de la Red de Evang\u00e9lica del Estado, [&hellip;]<\/p>\n","protected":false},"author":1,"featured_media":19626,"comment_status":"open","ping_status":"open","sticky":false,"template":"","format":"standard","meta":{"_jetpack_memberships_contains_paid_content":false,"footnotes":""},"categories":[3],"tags":[],"class_list":["post-19698","post","type-post","status-publish","format-standard","has-post-thumbnail","hentry","category-xalapa"],"jetpack_featured_media_url":"https:\/\/encuentroinformativo.com.mx\/wp-content\/uploads\/2021\/10\/B962CB5F-9302-41D4-90D6-B14924C3EA1A.jpeg","jetpack_sharing_enabled":true,"jetpack_likes_enabled":true,"amp_enabled":true,"_links":{"self":[{"href":"https:\/\/encuentroinformativo.com.mx\/index.php?rest_route=\/wp\/v2\/posts\/19698","targetHints":{"allow":["GET"]}}],"collection":[{"href":"https:\/\/encuentroinformativo.com.mx\/index.php?rest_route=\/wp\/v2\/posts"}],"about":[{"href":"https:\/\/encuentroinformativo.com.mx\/index.php?rest_route=\/wp\/v2\/types\/post"}],"author":[{"embeddable":true,"href":"https:\/\/encuentroinformativo.com.mx\/index.php?rest_route=\/wp\/v2\/users\/1"}],"replies":[{"embeddable":true,"href":"https:\/\/encuentroinformativo.com.mx\/index.php?rest_route=%2Fwp%2Fv2%2Fcomments&post=19698"}],"version-history":[{"count":1,"href":"https:\/\/encuentroinformativo.com.mx\/index.php?rest_route=\/wp\/v2\/posts\/19698\/revisions"}],"predecessor-version":[{"id":19699,"href":"https:\/\/encuentroinformativo.com.mx\/index.php?rest_route=\/wp\/v2\/posts\/19698\/revisions\/19699"}],"wp:featuredmedia":[{"embeddable":true,"href":"https:\/\/encuentroinformativo.com.mx\/index.php?rest_route=\/wp\/v2\/media\/19626"}],"wp:attachment":[{"href":"https:\/\/encuentroinformativo.com.mx\/index.php?rest_route=%2Fwp%2Fv2%2Fmedia&parent=19698"}],"wp:term":[{"taxonomy":"category","embeddable":true,"href":"https:\/\/encuentroinformativo.com.mx\/index.php?rest_route=%2Fwp%2Fv2%2Fcategories&post=19698"},{"taxonomy":"post_tag","embeddable":true,"href":"https:\/\/encuentroinformativo.com.mx\/index.php?rest_route=%2Fwp%2Fv2%2Ftags&post=19698"}],"curies":[{"name":"wp","href":"https:\/\/api.w.org\/{rel}","templated":true}]}}