{"id":197,"date":"2020-02-27T15:30:38","date_gmt":"2020-02-27T21:30:38","guid":{"rendered":"https:\/\/encuentroinformativodotcomdotmx.wordpress.com\/2020\/02\/27\/se-suma-ople-a-undiasinnosotras\/"},"modified":"2020-02-27T15:30:38","modified_gmt":"2020-02-27T21:30:38","slug":"se-suma-ople-a-undiasinnosotras","status":"publish","type":"post","link":"https:\/\/encuentroinformativo.com.mx\/?p=197","title":{"rendered":"Se suma OPLE a #UnD\u00edaSinNosotras"},"content":{"rendered":"\n<figure class=\"wp-block-image size-large\"><img loading=\"lazy\" decoding=\"async\" width=\"1003\" height=\"778\" src=\"https:\/\/encuentroinformativo.com.mx\/wp-content\/uploads\/2020\/02\/df28bf56-2f1b-41e7-a35e-c69d7d50f61f-1.jpg?w=1003\" alt=\"\" class=\"wp-image-196\" srcset=\"https:\/\/encuentroinformativo.com.mx\/wp-content\/uploads\/2020\/02\/df28bf56-2f1b-41e7-a35e-c69d7d50f61f-1.jpg 1003w, https:\/\/encuentroinformativo.com.mx\/wp-content\/uploads\/2020\/02\/df28bf56-2f1b-41e7-a35e-c69d7d50f61f-1-300x233.jpg 300w, https:\/\/encuentroinformativo.com.mx\/wp-content\/uploads\/2020\/02\/df28bf56-2f1b-41e7-a35e-c69d7d50f61f-1-768x596.jpg 768w\" sizes=\"auto, (max-width: 1003px) 100vw, 1003px\" \/><\/figure>\n\n\n\n<p><strong>Dar\u00edo Pale <\/strong><\/p>\n\n\n\n<p>Xalapa, Ver.- El consejero presidente del Organismo P\u00fablico Local Electoral (OPLE) Jos\u00e9 Alejandro Bonilla Bonilla dio a conocer que por consenso de los consejeros determinaron que las mujeres que se quieran sumar al paro nacional #UnDiaSin Nosotras no se ver\u00e1n afectadas en su salario.<\/p>\n\n\n\n<p>Durante la sesi\u00f3n ordinaria del consejo general del OPLE, dentro de los asuntos generales dio a conocer que en la mesa del consejo se acord\u00f3 dar la libertad a las mujeres de sumarse a dicho movimiento.<\/p>\n\n\n\n<p>Bonilla Bonilla se\u00f1al\u00f3 que no habr\u00e1 ninguna represalia hacia las mujeres que participen en ese paro.<\/p>\n\n\n\n<p><\/p>\n","protected":false},"excerpt":{"rendered":"<p>Dar\u00edo Pale Xalapa, Ver.- El consejero presidente del Organismo P\u00fablico Local Electoral (OPLE) Jos\u00e9 Alejandro Bonilla Bonilla dio a conocer que por consenso de los consejeros determinaron que las mujeres que se quieran sumar al paro nacional #UnDiaSin Nosotras no se ver\u00e1n afectadas en su salario. Durante la sesi\u00f3n ordinaria del consejo general del OPLE, [&hellip;]<\/p>\n","protected":false},"author":1,"featured_media":195,"comment_status":"open","ping_status":"open","sticky":false,"template":"","format":"standard","meta":{"_jetpack_memberships_contains_paid_content":false,"footnotes":""},"categories":[2],"tags":[],"class_list":["post-197","post","type-post","status-publish","format-standard","has-post-thumbnail","hentry","category-estado"],"jetpack_featured_media_url":"https:\/\/encuentroinformativo.com.mx\/wp-content\/uploads\/2020\/02\/df28bf56-2f1b-41e7-a35e-c69d7d50f61f.jpg","jetpack_sharing_enabled":true,"jetpack_likes_enabled":true,"amp_enabled":true,"_links":{"self":[{"href":"https:\/\/encuentroinformativo.com.mx\/index.php?rest_route=\/wp\/v2\/posts\/197","targetHints":{"allow":["GET"]}}],"collection":[{"href":"https:\/\/encuentroinformativo.com.mx\/index.php?rest_route=\/wp\/v2\/posts"}],"about":[{"href":"https:\/\/encuentroinformativo.com.mx\/index.php?rest_route=\/wp\/v2\/types\/post"}],"author":[{"embeddable":true,"href":"https:\/\/encuentroinformativo.com.mx\/index.php?rest_route=\/wp\/v2\/users\/1"}],"replies":[{"embeddable":true,"href":"https:\/\/encuentroinformativo.com.mx\/index.php?rest_route=%2Fwp%2Fv2%2Fcomments&post=197"}],"version-history":[{"count":0,"href":"https:\/\/encuentroinformativo.com.mx\/index.php?rest_route=\/wp\/v2\/posts\/197\/revisions"}],"wp:featuredmedia":[{"embeddable":true,"href":"https:\/\/encuentroinformativo.com.mx\/index.php?rest_route=\/wp\/v2\/media\/195"}],"wp:attachment":[{"href":"https:\/\/encuentroinformativo.com.mx\/index.php?rest_route=%2Fwp%2Fv2%2Fmedia&parent=197"}],"wp:term":[{"taxonomy":"category","embeddable":true,"href":"https:\/\/encuentroinformativo.com.mx\/index.php?rest_route=%2Fwp%2Fv2%2Fcategories&post=197"},{"taxonomy":"post_tag","embeddable":true,"href":"https:\/\/encuentroinformativo.com.mx\/index.php?rest_route=%2Fwp%2Fv2%2Ftags&post=197"}],"curies":[{"name":"wp","href":"https:\/\/api.w.org\/{rel}","templated":true}]}}