{"id":19703,"date":"2021-10-25T15:14:14","date_gmt":"2021-10-25T20:14:14","guid":{"rendered":"https:\/\/encuentroinformativo.com.mx\/?p=19703"},"modified":"2021-10-25T15:14:17","modified_gmt":"2021-10-25T20:14:17","slug":"disminuye-percepcion-de-inseguridad-en-veracruz-puerto-afirma-alcalde","status":"publish","type":"post","link":"https:\/\/encuentroinformativo.com.mx\/?p=19703","title":{"rendered":"Disminuye percepci\u00f3n de inseguridad en Veracruz puerto, afirma Alcalde"},"content":{"rendered":"\n<p><strong>Alejandro \u00c1vila<\/strong><\/p>\n\n\n\n<p>Veracruz, Ver.- El Ayuntamiento de Veracruz destac\u00f3 que a cuatro a\u00f1os de administraci\u00f3n el INEGI present\u00f3 un estudio donde con base en una encuesta realizada a los ciudadanos, la percepci\u00f3n que tienen de la inseguridad disminuy\u00f3 hasta el 50 por ciento.<\/p>\n\n\n\n<p>El presidente municipal, Fernando Yunes M\u00e1rquez, dijo que a su llegada se ten\u00eda una percepci\u00f3n del casi el 75 por ciento, siendo uno de los municipios que se consideraban m\u00e1s inseguros, situaci\u00f3n que lograron cambiar con los trabajos realizados por la Polic\u00eda Municipal, Estatal y Naval.<\/p>\n\n\n\n<p>&#8220;Nosotros hab\u00edamos llegado con un porcentaje cercano del 73 &#8211; 74 por ciento, hoy andamos sobre un 50, pero hay una cifra muy importante que no tiene que ver con percepci\u00f3n, tiene que ver con el n\u00famero de personas que han estado involucradas en un incidente o enfrentamiento, as\u00ed se denomina en la encuesta, que hoy ha llegado a un 12 por ciento, cuando estanamos cerca de un 23 o 24, es decir, practicamente se redujo a la mitad&#8221;, resalt\u00f3.<\/p>\n\n\n\n<p>El panista mencion\u00f3 que para la semana de &#8220;El Buen Fin&#8221; est\u00e1n a d\u00edas de presentar el operativo de seguridad, mismo que tendr\u00eda reforzamiento en plazas comerciales y el centro historico de la ciudad, sobre todo en la llamada &#8220;esquina de los bancos&#8221;.<\/p>\n\n\n\n<p>Sobre el incremento de elementos para esta fecha, dijo que esto le corresponde autorizarlo a la Secretar\u00eda de Marina a trav\u00e9s del director de la Polic\u00eda Naval, pero seguramente habr\u00e1 100 elementos m\u00e1s como en otros a\u00f1os.<\/p>\n","protected":false},"excerpt":{"rendered":"<p>Alejandro \u00c1vila Veracruz, Ver.- El Ayuntamiento de Veracruz destac\u00f3 que a cuatro a\u00f1os de administraci\u00f3n el INEGI present\u00f3 un estudio donde con base en una encuesta realizada a los ciudadanos, la percepci\u00f3n que tienen de la inseguridad disminuy\u00f3 hasta el 50 por ciento. El presidente municipal, Fernando Yunes M\u00e1rquez, dijo que a su llegada se [&hellip;]<\/p>\n","protected":false},"author":1,"featured_media":19704,"comment_status":"open","ping_status":"open","sticky":false,"template":"","format":"standard","meta":{"_jetpack_memberships_contains_paid_content":false,"footnotes":""},"categories":[2],"tags":[],"class_list":["post-19703","post","type-post","status-publish","format-standard","has-post-thumbnail","hentry","category-estado"],"jetpack_featured_media_url":"https:\/\/encuentroinformativo.com.mx\/wp-content\/uploads\/2021\/10\/030C32B4-07D8-44FA-A1D6-827C77DF77DA.jpeg","jetpack_sharing_enabled":true,"jetpack_likes_enabled":true,"amp_enabled":true,"_links":{"self":[{"href":"https:\/\/encuentroinformativo.com.mx\/index.php?rest_route=\/wp\/v2\/posts\/19703","targetHints":{"allow":["GET"]}}],"collection":[{"href":"https:\/\/encuentroinformativo.com.mx\/index.php?rest_route=\/wp\/v2\/posts"}],"about":[{"href":"https:\/\/encuentroinformativo.com.mx\/index.php?rest_route=\/wp\/v2\/types\/post"}],"author":[{"embeddable":true,"href":"https:\/\/encuentroinformativo.com.mx\/index.php?rest_route=\/wp\/v2\/users\/1"}],"replies":[{"embeddable":true,"href":"https:\/\/encuentroinformativo.com.mx\/index.php?rest_route=%2Fwp%2Fv2%2Fcomments&post=19703"}],"version-history":[{"count":1,"href":"https:\/\/encuentroinformativo.com.mx\/index.php?rest_route=\/wp\/v2\/posts\/19703\/revisions"}],"predecessor-version":[{"id":19705,"href":"https:\/\/encuentroinformativo.com.mx\/index.php?rest_route=\/wp\/v2\/posts\/19703\/revisions\/19705"}],"wp:featuredmedia":[{"embeddable":true,"href":"https:\/\/encuentroinformativo.com.mx\/index.php?rest_route=\/wp\/v2\/media\/19704"}],"wp:attachment":[{"href":"https:\/\/encuentroinformativo.com.mx\/index.php?rest_route=%2Fwp%2Fv2%2Fmedia&parent=19703"}],"wp:term":[{"taxonomy":"category","embeddable":true,"href":"https:\/\/encuentroinformativo.com.mx\/index.php?rest_route=%2Fwp%2Fv2%2Fcategories&post=19703"},{"taxonomy":"post_tag","embeddable":true,"href":"https:\/\/encuentroinformativo.com.mx\/index.php?rest_route=%2Fwp%2Fv2%2Ftags&post=19703"}],"curies":[{"name":"wp","href":"https:\/\/api.w.org\/{rel}","templated":true}]}}