{"id":1971,"date":"2020-04-20T11:53:55","date_gmt":"2020-04-20T16:53:55","guid":{"rendered":"https:\/\/encuentroinformativo.com\/?p=1971"},"modified":"2020-04-20T11:53:57","modified_gmt":"2020-04-20T16:53:57","slug":"sonideros-reclaman-apoyos-o-empleos-temporales","status":"publish","type":"post","link":"https:\/\/encuentroinformativo.com.mx\/?p=1971","title":{"rendered":"Sonideros reclaman apoyos o empleos temporales"},"content":{"rendered":"\n<p><strong>Juan Arcos<\/strong> <\/p>\n\n\n\n<p>Xalapa, Ver.- Un grupo de sonideros protest\u00f3 en Plaza Sebasti\u00e1n Lerdo de Tejada para exigir apoyos econ\u00f3micos al gobierno estatal, durante esta contingencia sanitaria por el coronavirus.<\/p>\n\n\n\n<p>Los due\u00f1os de equipos de luz y sonido comentaron que se quedaron sin trabajo y est\u00e1n severamente endeudados.<\/p>\n\n\n\n<p>El secretario general del Sindicato \u00danico de Sonideros del Estado de Veracruz, Rigoberto Salas, se\u00f1al\u00f3 que sus agremiados rechazaron los pr\u00e9stamos que otorga el gobierno, porque no quieren endeudarse a\u00fan m\u00e1s.<\/p>\n\n\n\n<p>En ese sentido, indic\u00f3 que los sonideros necesitan apoyos econ\u00f3micos del gobierno o empleos temporales para el sustento de sus familias.<\/p>\n\n\n\n<p>\u201cNos dieron para qu\u00e9 bajamos un link y nos pudi\u00e9ramos meter a una p\u00e1gina, pero nosotros no necesitamos ese pr\u00e9stamo, no nos queremos endeudar m\u00e1s de lo que ya estamos\u201d.<\/p>\n\n\n\n<p>Se trata de unos 400 sonideros que se est\u00e1n viendo afectados por la misma situaci\u00f3n.<br>Sin embargo, el problema es notorio tambi\u00e9n en Perote, Las Vigas y Naolinco.<\/p>\n\n\n\n<p>Los sonideros pidieron al gobierno municipal o estatal que los contrate para hacer perifoneos en las colonias para que las ciudadanas y ciudadanos conozcan las recomendaciones del Sector Salud ante la pandemia del COVID-19.<\/p>\n\n\n\n<p>\u201cQueremos un apoyo pero tambi\u00e9n venimos a apoyar si necesitan que metamos perifoneos en las colonias para que no salga la gente, tambi\u00e9n lo vamos a hacer\u201d, a\u00f1adi\u00f3 Rigoberto Salas.<\/p>\n\n\n\n<p><\/p>\n","protected":false},"excerpt":{"rendered":"<p>Juan Arcos Xalapa, Ver.- Un grupo de sonideros protest\u00f3 en Plaza Sebasti\u00e1n Lerdo de Tejada para exigir apoyos econ\u00f3micos al gobierno estatal, durante esta contingencia sanitaria por el coronavirus. Los due\u00f1os de equipos de luz y sonido comentaron que se quedaron sin trabajo y est\u00e1n severamente endeudados. El secretario general del Sindicato \u00danico de Sonideros [&hellip;]<\/p>\n","protected":false},"author":1,"featured_media":1972,"comment_status":"open","ping_status":"open","sticky":false,"template":"","format":"standard","meta":{"_jetpack_memberships_contains_paid_content":false,"footnotes":""},"categories":[3],"tags":[],"class_list":["post-1971","post","type-post","status-publish","format-standard","has-post-thumbnail","hentry","category-xalapa"],"jetpack_featured_media_url":"https:\/\/encuentroinformativo.com.mx\/wp-content\/uploads\/2020\/04\/A66CEF34-ED70-4D1B-825A-610D0BC3015E.jpeg","jetpack_sharing_enabled":true,"jetpack_likes_enabled":true,"amp_enabled":true,"_links":{"self":[{"href":"https:\/\/encuentroinformativo.com.mx\/index.php?rest_route=\/wp\/v2\/posts\/1971","targetHints":{"allow":["GET"]}}],"collection":[{"href":"https:\/\/encuentroinformativo.com.mx\/index.php?rest_route=\/wp\/v2\/posts"}],"about":[{"href":"https:\/\/encuentroinformativo.com.mx\/index.php?rest_route=\/wp\/v2\/types\/post"}],"author":[{"embeddable":true,"href":"https:\/\/encuentroinformativo.com.mx\/index.php?rest_route=\/wp\/v2\/users\/1"}],"replies":[{"embeddable":true,"href":"https:\/\/encuentroinformativo.com.mx\/index.php?rest_route=%2Fwp%2Fv2%2Fcomments&post=1971"}],"version-history":[{"count":1,"href":"https:\/\/encuentroinformativo.com.mx\/index.php?rest_route=\/wp\/v2\/posts\/1971\/revisions"}],"predecessor-version":[{"id":1973,"href":"https:\/\/encuentroinformativo.com.mx\/index.php?rest_route=\/wp\/v2\/posts\/1971\/revisions\/1973"}],"wp:featuredmedia":[{"embeddable":true,"href":"https:\/\/encuentroinformativo.com.mx\/index.php?rest_route=\/wp\/v2\/media\/1972"}],"wp:attachment":[{"href":"https:\/\/encuentroinformativo.com.mx\/index.php?rest_route=%2Fwp%2Fv2%2Fmedia&parent=1971"}],"wp:term":[{"taxonomy":"category","embeddable":true,"href":"https:\/\/encuentroinformativo.com.mx\/index.php?rest_route=%2Fwp%2Fv2%2Fcategories&post=1971"},{"taxonomy":"post_tag","embeddable":true,"href":"https:\/\/encuentroinformativo.com.mx\/index.php?rest_route=%2Fwp%2Fv2%2Ftags&post=1971"}],"curies":[{"name":"wp","href":"https:\/\/api.w.org\/{rel}","templated":true}]}}