{"id":19712,"date":"2021-10-25T17:43:13","date_gmt":"2021-10-25T22:43:13","guid":{"rendered":"https:\/\/encuentroinformativo.com.mx\/?p=19712"},"modified":"2021-10-25T17:43:16","modified_gmt":"2021-10-25T22:43:16","slug":"ex-policias-siguen-reclamando-indemnizacion","status":"publish","type":"post","link":"https:\/\/encuentroinformativo.com.mx\/?p=19712","title":{"rendered":"Ex polic\u00edas siguen reclamando indemnizaci\u00f3n"},"content":{"rendered":"\n<p><strong>Juan Arcos<\/strong><\/p>\n\n\n\n<p>Xalapa, Ver.- Un grupo de expolic\u00edas protest\u00f3 frente a Palacio de Gobierno para exigir la indemnizaci\u00f3n de m\u00e1s de 400 elementos que fueron despedidos injustificadamente hace seis a\u00f1os, en el sexenio de Javier Duarte de Ochoa.<\/p>\n\n\n\n<p>Se trata de expolic\u00edas de la extinta Polic\u00eda Intermunicipal Poza Rica-Tihuatl\u00e1n-Coatzintla, quienes presentaron la denuncia 808\/2019 en la Fiscal\u00eda Especializada en Combate a la Corrupci\u00f3n, presentada por la falsificaci\u00f3n de firmas en m\u00e1s de 400 cheques que se hab\u00edan otorgado como parte de su liquidaci\u00f3n.<\/p>\n\n\n\n<p>Los quejosos sostuvieron una lona grande color negro y letras blancas, donde se le\u00eda \u201cjusticia\u201d, en busca de la intervenci\u00f3n por parte del gobierno estatal para el esclarecimiento del caso.<\/p>\n\n\n\n<p>De acuerdo con Adder \u00d3scar Ju\u00e1rez T\u00e9llez, representante legal y uno de los afectados, se habla de un presunto desv\u00edo de m\u00e1s de 100 millones de pesos con el fraude de los cheques.<\/p>\n\n\n\n<p>\u201cLos funcionarios, que ya comparecieron en la Fiscal\u00eda anticorrupci\u00f3n, desviaron un recurso, una liquidaci\u00f3n supuestamente a favor de los polic\u00edas, que nunca lleg\u00f3 a las manos de los polic\u00edas\u201d.<\/p>\n\n\n\n<p>El entrevistado record\u00f3 que \u00e9l y los otros polic\u00edas fueron despedidos injustificadamente el 1 de julio de 2015; sin embargo, 19 d\u00edas despu\u00e9s, los cheques fueron cobrados a su nombre por otras personas.<\/p>\n\n\n\n<p>La denuncia fue presentada el 24 de octubre de 2019 y ratificada el 5 de diciembre, unos d\u00edas despu\u00e9s, donde se\u00f1alan a diversos exfuncionarios, entre ellos al extitular de la Secretar\u00eda de Seguridad P\u00fablica (SSP), Arturo Berm\u00fadez Zurita, y al exgobernador Javier Duarte de Ochoa.<\/p>\n\n\n\n<p>Ju\u00e1rez T\u00e9llez indic\u00f3 que desde hace dos a\u00f1os han solicitado una audiencia con autoridades de la Fiscal\u00eda General del Estado (FGE); sin embargo, hasta el momento han sido ignorados.<\/p>\n\n\n\n<p>Cabe recordar que los expolic\u00edas protestaron el 30 de enero de 2020 en la capital del estado, sin obtener una respuesta favorable por parte de las autoridades.<\/p>\n","protected":false},"excerpt":{"rendered":"<p>Juan Arcos Xalapa, Ver.- Un grupo de expolic\u00edas protest\u00f3 frente a Palacio de Gobierno para exigir la indemnizaci\u00f3n de m\u00e1s de 400 elementos que fueron despedidos injustificadamente hace seis a\u00f1os, en el sexenio de Javier Duarte de Ochoa. Se trata de expolic\u00edas de la extinta Polic\u00eda Intermunicipal Poza Rica-Tihuatl\u00e1n-Coatzintla, quienes presentaron la denuncia 808\/2019 en [&hellip;]<\/p>\n","protected":false},"author":1,"featured_media":19713,"comment_status":"open","ping_status":"open","sticky":false,"template":"","format":"standard","meta":{"_jetpack_memberships_contains_paid_content":false,"footnotes":""},"categories":[2],"tags":[],"class_list":["post-19712","post","type-post","status-publish","format-standard","has-post-thumbnail","hentry","category-estado"],"jetpack_featured_media_url":"https:\/\/encuentroinformativo.com.mx\/wp-content\/uploads\/2021\/10\/38D6365F-E13D-4898-8AA8-DF727AAC5160.jpeg","jetpack_sharing_enabled":true,"jetpack_likes_enabled":true,"amp_enabled":true,"_links":{"self":[{"href":"https:\/\/encuentroinformativo.com.mx\/index.php?rest_route=\/wp\/v2\/posts\/19712","targetHints":{"allow":["GET"]}}],"collection":[{"href":"https:\/\/encuentroinformativo.com.mx\/index.php?rest_route=\/wp\/v2\/posts"}],"about":[{"href":"https:\/\/encuentroinformativo.com.mx\/index.php?rest_route=\/wp\/v2\/types\/post"}],"author":[{"embeddable":true,"href":"https:\/\/encuentroinformativo.com.mx\/index.php?rest_route=\/wp\/v2\/users\/1"}],"replies":[{"embeddable":true,"href":"https:\/\/encuentroinformativo.com.mx\/index.php?rest_route=%2Fwp%2Fv2%2Fcomments&post=19712"}],"version-history":[{"count":1,"href":"https:\/\/encuentroinformativo.com.mx\/index.php?rest_route=\/wp\/v2\/posts\/19712\/revisions"}],"predecessor-version":[{"id":19714,"href":"https:\/\/encuentroinformativo.com.mx\/index.php?rest_route=\/wp\/v2\/posts\/19712\/revisions\/19714"}],"wp:featuredmedia":[{"embeddable":true,"href":"https:\/\/encuentroinformativo.com.mx\/index.php?rest_route=\/wp\/v2\/media\/19713"}],"wp:attachment":[{"href":"https:\/\/encuentroinformativo.com.mx\/index.php?rest_route=%2Fwp%2Fv2%2Fmedia&parent=19712"}],"wp:term":[{"taxonomy":"category","embeddable":true,"href":"https:\/\/encuentroinformativo.com.mx\/index.php?rest_route=%2Fwp%2Fv2%2Fcategories&post=19712"},{"taxonomy":"post_tag","embeddable":true,"href":"https:\/\/encuentroinformativo.com.mx\/index.php?rest_route=%2Fwp%2Fv2%2Ftags&post=19712"}],"curies":[{"name":"wp","href":"https:\/\/api.w.org\/{rel}","templated":true}]}}