{"id":19715,"date":"2021-10-26T08:59:23","date_gmt":"2021-10-26T13:59:23","guid":{"rendered":"https:\/\/encuentroinformativo.com.mx\/?p=19715"},"modified":"2021-10-26T08:59:27","modified_gmt":"2021-10-26T13:59:27","slug":"los-verdaderos-lideres-de-izquierda-en-veracruz","status":"publish","type":"post","link":"https:\/\/encuentroinformativo.com.mx\/?p=19715","title":{"rendered":"LOS VERDADEROS L\u00cdDERES DE IZQUIERDA EN VERACRUZ"},"content":{"rendered":"\n<p><strong>ColumnaSinNombre<br>@pablojair<\/strong><\/p>\n\n\n\n<ul class=\"wp-block-list\"><li>\u00bfY qu\u00e9 pasar\u00e1 con la Torre Perrona de Veracruz?<\/li><li>Hay Yunes de Boca del R\u00edo que apoyan al Chapo.<\/li><li>Detienen a Castro de la Rosa, tremenda fichita.<\/li><\/ul>\n\n\n\n<p>Gutierritos es tan veracruzano<br>como el chorizo de Toluca<br>y la carnita asada de Sonora.<br>\u2014Chopenjawer<\/p>\n\n\n\n<p>Dicen que la pol\u00edtica es de circunstancias y muchos las aprovechan.<\/p>\n\n\n\n<p>Nadie, por ejemplo, apostaba hace 10 a\u00f1os a que un partido como Morena fuese a crecer tanto y no eran pocas las burlas que se hac\u00edan por parte de simpatizantes de otros partidos por las mesas de afiliaci\u00f3n que se instalaban en los parques p\u00fablicos. En el caso de Xalapa, la Plaza Lerdo.<\/p>\n\n\n\n<p>Nadie entonces preve\u00eda que Morena y sus actores ya andaban caminando de casa en casa, repartiendo su peri\u00f3dico \u201cRegeneraci\u00f3n\u201d, haciendo reuniones en colonias y dise\u00f1ando estrategias. Fue precisamente en las elecciones federales de 2015 cuando Morena sorprendi\u00f3 apareciendo en el mapa pol\u00edtico, llev\u00e1ndose en ese entonces los distritos de Xalapa y Coatzacoalcos, convirti\u00e9ndose en diputados federales Cuitl\u00e1huac Garc\u00eda Jim\u00e9nez y Roc\u00edo Nahle Garc\u00eda.<\/p>\n\n\n\n<p>De ah\u00ed en adelante, toda una historia que se ha escrito de la famosa Cuarta Transformaci\u00f3n que lleg\u00f3 a Veracruz y se ha instalado como el movimiento m\u00e1s popular y con m\u00e1s seguidores, igualando a las mejores \u00e9pocas del priato en cuanto a posiciones alcanzadas: nuevamente tiene mayor\u00eda en el Congreso del Estado y finalmente alcanz\u00f3 la mitad de las alcald\u00edas.<\/p>\n\n\n\n<p>Pero no s\u00f3lo eso: ha sido toda una historia de lucha de la izquierda en Veracruz, cuya figura m\u00e1s emblem\u00e1tica fue el sabio Heberto Castillo Mart\u00ednez (originario de Ixhuatl\u00e1n de Madero), uno de los l\u00edderes sociales m\u00e1s legendarios del siglo pasado. Desde ah\u00ed se puede partir a otros personajes que durante a\u00f1os s\u00ed hicieron \u201ctalacha\u201d en Veracruz y trabajaron en \u00e9pocas donde hubo represi\u00f3n y persecuci\u00f3n a opositores pol\u00edticos, en una \u00e9poca donde adem\u00e1s no hab\u00eda internet, ni redes sociales.<\/p>\n\n\n\n<p>Durante a\u00f1os el partido de izquierda simb\u00f3lico era el PRD, que fue fundado por Cuauht\u00e9moc C\u00e1rdenas Solorzano, Ifigenia Mart\u00ednez y otros personajes como un tal Andr\u00e9s Manuel L\u00f3pez Obrador.<\/p>\n\n\n\n<p>Aqu\u00ed en Veracruz, el PRD \u2014en su \u00e9poca de mayor apogeo\u2014 fue ferozmente perseguido por el r\u00e9gimen pri\u00edsta y uno de los actores m\u00e1s se\u00f1alados por esta feroz represi\u00f3n era el entonces secretario de Gobierno, Miguel \u00c1ngel Yunes Linares. Curiosamente, a algunos de esos dirigentes perredistas les naci\u00f3 posteriormente un amor por el mandatario de dos a\u00f1os, y se unieron a su fallida causa de dejar heredado el cargo a su hijo \u201cMiguel Chiquito\u201d. En esa piltrafa se convirti\u00f3 el PRD de hoy.<\/p>\n\n\n\n<p>No obstante, algunos de estos perredistas fueron recordados por el gobernador Cuitl\u00e1huac Garc\u00eda Jim\u00e9nez en su conferencia desde Palacio de Gobierno este lunes, subrayando que varios de ellos finalmente se decepcionaron en lo que se convirti\u00f3 el partido del sol azteca y decidieron participar en Morena.<\/p>\n\n\n\n<p>El mismo mandatario hizo referencia a un video que anda circulando donde habla de la historia de la izquierda en Veracruz, que finalmente se cristaliza con la llegada de Morena a la gubernatura. Forma parte de la serie \u201cEsto Somos\u201d, que produce el partido lopezobradorista, y lleva cuatro cap\u00edtulos de la historia del Movimiento de Regeneraci\u00f3n Nacional contada por sus activos m\u00e1s importantes; entre ellos, el gobernador Cuitl\u00e1huac.<\/p>\n\n\n\n<p>Garc\u00eda Jim\u00e9nez cuenta en el video que desde muy joven empez\u00f3 a andar en las andanzas de la pol\u00edtica, precisamente por la influencia y admiraci\u00f3n que sinti\u00f3 por Heberto Castillo, adem\u00e1s de la influencia de sus padres, quienes siempre apostaron a la educaci\u00f3n y preparaci\u00f3n como una herramienta de lucha. Recuerda tambi\u00e9n al PRD y su cercan\u00eda con el entonces l\u00edder perredista Andr\u00e9s Manuel L\u00f3pez Obrador, a quien acompa\u00f1\u00f3 en su toma de protesta como presidente leg\u00edtimo: un simbolismo para rechazar el fraude electoral del 2006.<\/p>\n\n\n\n<p>Cuitl\u00e1huac rememora en la entrevista que ese evento fue el origen de Morena, sin que estuviesen alrededor de AMLO los dirigentes del PRD, sino la gente que lo acompa\u00f1ar\u00eda en el largo caminar que pasar\u00eda tambi\u00e9n por las elecciones de 2012 y derivar\u00eda en el triunfo de la Presidencia de la Rep\u00fablica de L\u00f3pez Obrador en 2018.<\/p>\n\n\n\n<p>Comenta que una parte importante de esta labor fue la lucha que se hizo contra la Reforma Educativa que propuso el entonces presidente Enrique Pe\u00f1a Nieto, que en Veracruz tom\u00f3 mucha fuerza por la gran cantidad de maestros inconformes por el examen de evaluaci\u00f3n que se les hac\u00eda.<\/p>\n\n\n\n<p>Sobre esto, enfatiz\u00f3 en su conferencia de prensa: \u201cConozco muy bien qui\u00e9nes contribuyeron aqu\u00ed en Veracruz a este logro de la transformaci\u00f3n, y en la \u00faltima etapa tambi\u00e9n porque nosotros abrimos esa posibilidad de que gente que viniera incluso de otros partidos, que estuviera convencido de que era necesario una transformaci\u00f3n de fondo; que contribuyeran a esta lucha\u201d.<\/p>\n\n\n\n<p>Destac\u00f3 los nombres de Uriel Flores Aguayo, Manuel Huerta, Juan Vergel, Gloria S\u00e1nchez, quienes estuvieron en la etapa de la conformaci\u00f3n del PRD; m\u00e1s recientes del 2006-2012, otras grandes contribuciones como Arturo Herviz. Hacia el sur la gran labor de Roc\u00edo Nahle y otros compa\u00f1eros de Xalapa que impulsaron la candidatura del actual alcalde de Xalapa, Hip\u00f3lito Rodr\u00edguez.<\/p>\n\n\n\n<p>Pero se\u00f1al\u00f3: \u201cYo nunca vi a un Sergio Guti\u00e9rrez Luna aqu\u00ed\u201d.<\/p>\n\n\n\n<p>Dicen que la pol\u00edtica es de circunstancias y muchos las aprovechan; el problema es cuando aparece el gandallismo y se tripula a lo ya construido.<\/p>\n\n\n\n<p>\u00bfQui\u00e9n acelera al diputado Sergio? \u00bfQui\u00e9n lo mal aconseja? \u00bfPor qu\u00e9 venir a detonar y a dividir al estado donde L\u00f3pez Obrador tiene una fuerte base? \u00bfEn verdad va a echarle a perder uno de los estados clave al Presidente?<\/p>\n\n\n\n<p>La respuesta parece estar a simple vista: todos los pri\u00edstas que lo rodean y trabajan para \u00e9l; los mismos dinosaurios que ahora se toman la foto en eventos fara\u00f3nicos como en los viejos tiempos del priato, con los rituales de siempre y que en las \u00faltimas elecciones nunca funcionaron, pero les gusta para inflarse mutuamente el ego por el pivote.<\/p>\n\n\n\n<p><strong>NOTA PARA PEGAR EN EL REFRI:<\/strong> \u00bfY qu\u00e9 pasar\u00e1 con la Torre Perrona que est\u00e1 detr\u00e1s del Faro Venustiano Carranza, en el puerto de Veracruz? El gobernador Cuitl\u00e1huac expres\u00f3 al respecto: \u201cEntendemos la apuraci\u00f3n de la empresa que construye; el problema va a ser para quien venda u otorgue esos departamentos porque va a quedar en litigio; as\u00ed que le piensen bien\u201d.<\/p>\n\n\n\n<p><strong>OTRA NOTA:<\/strong> Tambi\u00e9n hay miembros de la familia Yunes de Boca del R\u00edo que apoyan a Joaqu\u00edn Guzm\u00e1n Avil\u00e9s, \u201cEl Chapito\u201d, dirigente estatal del Partido Acci\u00f3n Nacional en Veracruz, y una de ellas es Anita Yunes, esposa del conocido pol\u00edtico Luis Tejeda Taibo. Ambos le dieron la bienvenida al l\u00edder panista en territorio blanquiazul, all\u00e1 donde los primos de la se\u00f1ora dicen ser los \u00fanicos due\u00f1os.<\/p>\n\n\n\n<p><strong>LA \u00daLTIMA PORQUE CUMPLEA\u00d1OS FELIZ DE DO\u00d1A \u201cY\u201d:<\/strong> Que este lunes trascendi\u00f3 la detenci\u00f3n de David Castro de la Rosa, en el municipio de Carlos A. Carrillo, por portaci\u00f3n de arma de fuego. Dice ser due\u00f1o de una \u201cestaci\u00f3n\u201d de radio que ya anteriormente ha sido clausurada por pirater\u00eda\u2026 Castro de la Rosa tambi\u00e9n recientemente fue candidato a alcalde de ese municipio por el partido \u201cJodemos\u201d\u2026 Seg\u00fan datos, David ya hab\u00eda sido detenido en 2008 por fraude, enga\u00f1ando a personas con el pretexto de que les consegu\u00eda visas de trabajo en Canad\u00e1\u2026 El detenido es hermano del exdiputado federal del PAN, Osiel Castro de la Rosa, aquel que se hizo famoso por las fotograf\u00edas donde participaba en una org\u00eda\u2026 Todas unas fichitas los carnalitos.<\/p>\n","protected":false},"excerpt":{"rendered":"<p>ColumnaSinNombre@pablojair \u00bfY qu\u00e9 pasar\u00e1 con la Torre Perrona de Veracruz? Hay Yunes de Boca del R\u00edo que apoyan al Chapo. Detienen a Castro de la Rosa, tremenda fichita. Gutierritos es tan veracruzanocomo el chorizo de Tolucay la carnita asada de Sonora.\u2014Chopenjawer Dicen que la pol\u00edtica es de circunstancias y muchos las aprovechan. Nadie, por ejemplo, [&hellip;]<\/p>\n","protected":false},"author":1,"featured_media":488,"comment_status":"open","ping_status":"open","sticky":false,"template":"","format":"standard","meta":{"_jetpack_memberships_contains_paid_content":false,"footnotes":""},"categories":[11],"tags":[],"class_list":["post-19715","post","type-post","status-publish","format-standard","has-post-thumbnail","hentry","category-opinion"],"jetpack_featured_media_url":"https:\/\/encuentroinformativo.com.mx\/wp-content\/uploads\/2020\/03\/F471F608-BA1A-416B-BA7B-BCFB24F4E6D0.jpeg","jetpack_sharing_enabled":true,"jetpack_likes_enabled":true,"amp_enabled":true,"_links":{"self":[{"href":"https:\/\/encuentroinformativo.com.mx\/index.php?rest_route=\/wp\/v2\/posts\/19715","targetHints":{"allow":["GET"]}}],"collection":[{"href":"https:\/\/encuentroinformativo.com.mx\/index.php?rest_route=\/wp\/v2\/posts"}],"about":[{"href":"https:\/\/encuentroinformativo.com.mx\/index.php?rest_route=\/wp\/v2\/types\/post"}],"author":[{"embeddable":true,"href":"https:\/\/encuentroinformativo.com.mx\/index.php?rest_route=\/wp\/v2\/users\/1"}],"replies":[{"embeddable":true,"href":"https:\/\/encuentroinformativo.com.mx\/index.php?rest_route=%2Fwp%2Fv2%2Fcomments&post=19715"}],"version-history":[{"count":1,"href":"https:\/\/encuentroinformativo.com.mx\/index.php?rest_route=\/wp\/v2\/posts\/19715\/revisions"}],"predecessor-version":[{"id":19716,"href":"https:\/\/encuentroinformativo.com.mx\/index.php?rest_route=\/wp\/v2\/posts\/19715\/revisions\/19716"}],"wp:featuredmedia":[{"embeddable":true,"href":"https:\/\/encuentroinformativo.com.mx\/index.php?rest_route=\/wp\/v2\/media\/488"}],"wp:attachment":[{"href":"https:\/\/encuentroinformativo.com.mx\/index.php?rest_route=%2Fwp%2Fv2%2Fmedia&parent=19715"}],"wp:term":[{"taxonomy":"category","embeddable":true,"href":"https:\/\/encuentroinformativo.com.mx\/index.php?rest_route=%2Fwp%2Fv2%2Fcategories&post=19715"},{"taxonomy":"post_tag","embeddable":true,"href":"https:\/\/encuentroinformativo.com.mx\/index.php?rest_route=%2Fwp%2Fv2%2Ftags&post=19715"}],"curies":[{"name":"wp","href":"https:\/\/api.w.org\/{rel}","templated":true}]}}