{"id":19719,"date":"2021-10-26T09:33:45","date_gmt":"2021-10-26T14:33:45","guid":{"rendered":"https:\/\/encuentroinformativo.com.mx\/?p=19719"},"modified":"2021-10-26T09:33:48","modified_gmt":"2021-10-26T14:33:48","slug":"apoyo-a-eventos-masivos-positivo-para-veracruz-cometur","status":"publish","type":"post","link":"https:\/\/encuentroinformativo.com.mx\/?p=19719","title":{"rendered":"Apoyo a eventos masivos, positivo para Veracruz: COMETUR"},"content":{"rendered":"\n<p><strong>Alejandro \u00c1vila<\/strong><\/p>\n\n\n\n<p>Veracruz, Ver. \u2013\u00a0El anuncio del gobernador Cuitl\u00e1huac Garc\u00eda Jim\u00e9nez, quien asegur\u00f3 en 2022 se brindar\u00e1 apoyo econ\u00f3mico para diversos eventos masivos como Carnaval, Salsa Fest, Cumbre Taj\u00edn, entre otros, son cosas positivas para la entidad veracruzana, pues a nivel nacional e internacional se sabr\u00e1 que el Estado de Veracruz est\u00e1 listo para volver a recibir turismo, mencion\u00f3 el presidente del Consejo Metropolitano de Turismo (COMETUR), Sergio Lois Heredia.<\/p>\n\n\n\n<p>Entre las cosas positivas que conlleva este anuncio, dijo el empresario, es que estos eventos dejan una derrama econ\u00f3mica de fin de semana para los prestadores de servicios tur\u00edsticos de los municipios donde se desarrolla el evento.<\/p>\n\n\n\n<p>&#8220;Pero adem\u00e1s de esa derrama lo que nos da es proyecci\u00f3n a nivel nacional e internacional de que estamos nuevamente de que estamos bien en Veracruz, de que pueden venir a Veracruz, de que pueden disfrutar de Veracruz, se acuerdan las personas de que Veracruz tambi\u00e9n es un destino tur\u00edstico que pueden visitar y nos pone en competencia para no quedarnos destinos que ya lo est\u00e1n realizando&#8221;, apunt\u00f3.<\/p>\n\n\n\n<p>El empresario coment\u00f3 que, por muy r\u00e1pido, una verdadera recuperaci\u00f3n de empleos se podr\u00eda comenzar a ver a partir del segundo semestre del 2022; ya que primero tiene que darse la recuperaci\u00f3n econ\u00f3mica en cada una de las unidades de negocio.<\/p>\n\n\n\n<p>\u201cLa recuperaci\u00f3n de los empleos se va a ver reflejada, en la que la recuperaci\u00f3n econ\u00f3mica ya est\u00e9 consolidada, porque, porque antes ser\u00eda muy arriesgado aventurarse a recuperar los empleos, por eso es que yo creo que, por muy r\u00e1pido, ser\u00eda a mediados de 2022, y ya una recuperaci\u00f3n total de los empleos que se perdieron en 2020, posiblemente en 2023\u201d, culmin\u00f3.<br>\u00a0<\/p>\n","protected":false},"excerpt":{"rendered":"<p>Alejandro \u00c1vila Veracruz, Ver. \u2013\u00a0El anuncio del gobernador Cuitl\u00e1huac Garc\u00eda Jim\u00e9nez, quien asegur\u00f3 en 2022 se brindar\u00e1 apoyo econ\u00f3mico para diversos eventos masivos como Carnaval, Salsa Fest, Cumbre Taj\u00edn, entre otros, son cosas positivas para la entidad veracruzana, pues a nivel nacional e internacional se sabr\u00e1 que el Estado de Veracruz est\u00e1 listo para volver [&hellip;]<\/p>\n","protected":false},"author":1,"featured_media":19720,"comment_status":"open","ping_status":"open","sticky":false,"template":"","format":"standard","meta":{"_jetpack_memberships_contains_paid_content":false,"footnotes":""},"categories":[2],"tags":[],"class_list":["post-19719","post","type-post","status-publish","format-standard","has-post-thumbnail","hentry","category-estado"],"jetpack_featured_media_url":"https:\/\/encuentroinformativo.com.mx\/wp-content\/uploads\/2021\/10\/DF1028C6-7092-4BB7-955A-C3CD9251ED98.jpeg","jetpack_sharing_enabled":true,"jetpack_likes_enabled":true,"amp_enabled":true,"_links":{"self":[{"href":"https:\/\/encuentroinformativo.com.mx\/index.php?rest_route=\/wp\/v2\/posts\/19719","targetHints":{"allow":["GET"]}}],"collection":[{"href":"https:\/\/encuentroinformativo.com.mx\/index.php?rest_route=\/wp\/v2\/posts"}],"about":[{"href":"https:\/\/encuentroinformativo.com.mx\/index.php?rest_route=\/wp\/v2\/types\/post"}],"author":[{"embeddable":true,"href":"https:\/\/encuentroinformativo.com.mx\/index.php?rest_route=\/wp\/v2\/users\/1"}],"replies":[{"embeddable":true,"href":"https:\/\/encuentroinformativo.com.mx\/index.php?rest_route=%2Fwp%2Fv2%2Fcomments&post=19719"}],"version-history":[{"count":1,"href":"https:\/\/encuentroinformativo.com.mx\/index.php?rest_route=\/wp\/v2\/posts\/19719\/revisions"}],"predecessor-version":[{"id":19721,"href":"https:\/\/encuentroinformativo.com.mx\/index.php?rest_route=\/wp\/v2\/posts\/19719\/revisions\/19721"}],"wp:featuredmedia":[{"embeddable":true,"href":"https:\/\/encuentroinformativo.com.mx\/index.php?rest_route=\/wp\/v2\/media\/19720"}],"wp:attachment":[{"href":"https:\/\/encuentroinformativo.com.mx\/index.php?rest_route=%2Fwp%2Fv2%2Fmedia&parent=19719"}],"wp:term":[{"taxonomy":"category","embeddable":true,"href":"https:\/\/encuentroinformativo.com.mx\/index.php?rest_route=%2Fwp%2Fv2%2Fcategories&post=19719"},{"taxonomy":"post_tag","embeddable":true,"href":"https:\/\/encuentroinformativo.com.mx\/index.php?rest_route=%2Fwp%2Fv2%2Ftags&post=19719"}],"curies":[{"name":"wp","href":"https:\/\/api.w.org\/{rel}","templated":true}]}}