{"id":19728,"date":"2021-10-26T13:22:00","date_gmt":"2021-10-26T18:22:00","guid":{"rendered":"https:\/\/encuentroinformativo.com.mx\/?p=19728"},"modified":"2021-10-26T13:22:05","modified_gmt":"2021-10-26T18:22:05","slug":"colonos-de-la-zona-centro-reclaman-altas-tarifas-de-cfe","status":"publish","type":"post","link":"https:\/\/encuentroinformativo.com.mx\/?p=19728","title":{"rendered":"Colonos de la zona centro, reclaman altas tarifas de CFE"},"content":{"rendered":"\n<p><strong>Juan Arcos<\/strong> <\/p>\n\n\n\n<p>Xalapa, Ver.- Vecinos de la colonia Modelo, ubicada a tres cuadras del centro de Xalapa, denunciaron que las tarifas de la Comisi\u00f3n Federal de Electricidad (CFE) han aumentado de manera excesiva durante los \u00faltimos dos meses.<\/p>\n\n\n\n<p>En uno de los domicilios, reportan un incremento del 200 por ciento en el \u00faltimo recibo, situaci\u00f3n que afecta a\u00fan m\u00e1s a las familias derivada de la crisis econ\u00f3mica por la pandemia del SARS-COV-2 (COVID-19).<\/p>\n\n\n\n<p>La se\u00f1ora Estrella Ruiz Santamar\u00eda, de unos 58 a\u00f1os, detall\u00f3 que anteriormente pagaba menos de 200 pesos cada bimestre; sin embargo, la cifra subi\u00f3 a casi 600 pesos, sin motivo aparente, pues su consumo ha sido el mismo.<\/p>\n\n\n\n<p>\u201cSubi\u00f3 casi al triple. En el bimestre pasado y todos los pagos anteriores eran menores a los 200 pesos, alguno a veces llegaba a los 200, pero este \u00faltimo lleg\u00f3 a los m\u00e1s de 570 pesos. En el diagrama de consumo (que aparece en el recibo), el consumo es el mismo\u201d, expres\u00f3.<\/p>\n\n\n\n<p>Sus vecinos le han comentado que tambi\u00e9n notaron un incremento en la tarifa, de manera reciente, en la colonia, donde la mayor\u00eda de los habitantes son adultos mayores.<\/p>\n\n\n\n<p>\u201cEsto es casi en la zona centro. He visto que en otros lugares les ha ido aumentando paulatinamente, eso se entiende, pero no comprendo y tendr\u00e9 que ir a las oficinas a hacer la aclaraci\u00f3n del porqu\u00e9 este incremento tan fuerte en esa zona\u201d.<\/p>\n\n\n\n<p>La gente comenta que en la colonia mencionada se cobra una tarifa m\u00e1s alta, pues al estar cerca de la zona centro es considerada un sitio residencial.<\/p>\n\n\n\n<p>\u201cLas tarifas est\u00e1n zonificadas por \u00e1reas, por ser zona centro nos cobran una tarifa residencial, cuando no es una zona residencial\u201d, enfatizaron.<\/p>\n\n\n\n<p>Las personas piden a la Comisi\u00f3n Federal de Electricidad que revise dicha situaci\u00f3n, pues afecta directamente a los bolsillos de los pobladores en la colonia Modelo.<\/p>\n","protected":false},"excerpt":{"rendered":"<p>Juan Arcos Xalapa, Ver.- Vecinos de la colonia Modelo, ubicada a tres cuadras del centro de Xalapa, denunciaron que las tarifas de la Comisi\u00f3n Federal de Electricidad (CFE) han aumentado de manera excesiva durante los \u00faltimos dos meses. En uno de los domicilios, reportan un incremento del 200 por ciento en el \u00faltimo recibo, situaci\u00f3n [&hellip;]<\/p>\n","protected":false},"author":1,"featured_media":19729,"comment_status":"open","ping_status":"open","sticky":false,"template":"","format":"standard","meta":{"_jetpack_memberships_contains_paid_content":false,"footnotes":""},"categories":[3],"tags":[],"class_list":["post-19728","post","type-post","status-publish","format-standard","has-post-thumbnail","hentry","category-xalapa"],"jetpack_featured_media_url":"https:\/\/encuentroinformativo.com.mx\/wp-content\/uploads\/2021\/10\/6E75108C-5493-400A-BCB7-C97DF92F766C-scaled.jpeg","jetpack_sharing_enabled":true,"jetpack_likes_enabled":true,"amp_enabled":true,"_links":{"self":[{"href":"https:\/\/encuentroinformativo.com.mx\/index.php?rest_route=\/wp\/v2\/posts\/19728","targetHints":{"allow":["GET"]}}],"collection":[{"href":"https:\/\/encuentroinformativo.com.mx\/index.php?rest_route=\/wp\/v2\/posts"}],"about":[{"href":"https:\/\/encuentroinformativo.com.mx\/index.php?rest_route=\/wp\/v2\/types\/post"}],"author":[{"embeddable":true,"href":"https:\/\/encuentroinformativo.com.mx\/index.php?rest_route=\/wp\/v2\/users\/1"}],"replies":[{"embeddable":true,"href":"https:\/\/encuentroinformativo.com.mx\/index.php?rest_route=%2Fwp%2Fv2%2Fcomments&post=19728"}],"version-history":[{"count":1,"href":"https:\/\/encuentroinformativo.com.mx\/index.php?rest_route=\/wp\/v2\/posts\/19728\/revisions"}],"predecessor-version":[{"id":19730,"href":"https:\/\/encuentroinformativo.com.mx\/index.php?rest_route=\/wp\/v2\/posts\/19728\/revisions\/19730"}],"wp:featuredmedia":[{"embeddable":true,"href":"https:\/\/encuentroinformativo.com.mx\/index.php?rest_route=\/wp\/v2\/media\/19729"}],"wp:attachment":[{"href":"https:\/\/encuentroinformativo.com.mx\/index.php?rest_route=%2Fwp%2Fv2%2Fmedia&parent=19728"}],"wp:term":[{"taxonomy":"category","embeddable":true,"href":"https:\/\/encuentroinformativo.com.mx\/index.php?rest_route=%2Fwp%2Fv2%2Fcategories&post=19728"},{"taxonomy":"post_tag","embeddable":true,"href":"https:\/\/encuentroinformativo.com.mx\/index.php?rest_route=%2Fwp%2Fv2%2Ftags&post=19728"}],"curies":[{"name":"wp","href":"https:\/\/api.w.org\/{rel}","templated":true}]}}