{"id":19734,"date":"2021-10-26T13:38:30","date_gmt":"2021-10-26T18:38:30","guid":{"rendered":"https:\/\/encuentroinformativo.com.mx\/?p=19734"},"modified":"2021-10-26T13:38:35","modified_gmt":"2021-10-26T18:38:35","slug":"tendra-xallitic-noche-de-catrinas","status":"publish","type":"post","link":"https:\/\/encuentroinformativo.com.mx\/?p=19734","title":{"rendered":"Tendr\u00e1 Xallitic, Noche de Catrinas"},"content":{"rendered":"\n<p><strong>Dar\u00edo Pale<\/strong> <\/p>\n\n\n\n<p>Xalapa, Ver.- Gustavo Barrios fot\u00f3grafo y organizador del festival &#8220;Noche de Catrinas en el Xallitic&#8221;, \u00a0dio a conocer que este a\u00f1o tambi\u00e9n se llevar\u00e1 a cabo la tradicional Noche de Catrinas, sin embargo ahora durar\u00e1 cuatro d\u00edas.<\/p>\n\n\n\n<p>En conferencia de prensa realizada en conocido caf\u00e9 del centro de Xalapa, se\u00f1al\u00f3 que el \u00faltimo a\u00f1o que se realiz\u00f3 el evento, antes de la pandemia, lograron tener m\u00e1s de mil catrinas registradas.<\/p>\n\n\n\n<p>Explic\u00f3 que esto surgi\u00f3 como un ejercicio para que fot\u00f3grafos practicaran en ambientes con poca luz y bajo la tem\u00e1tica del d\u00eda de los muertos, sin embargo ahora hay cada vez m\u00e1s gente acude a disfrutar del evento.<\/p>\n\n\n\n<p>Dio a conocer que debido a la pandemia, este a\u00f1o esperan que haya menos participantes, sin embargo, para evitar aglomeraciones, se extender\u00e1 el evento para que tenga una duraci\u00f3n de cuatro d\u00edas, a partir del 28 de octubre.<\/p>\n\n\n\n<p>Este a\u00f1o tendr\u00e1n la participaci\u00f3n de fot\u00f3grafos y catrinas del municipio de Xico y el evento culminar\u00e1 en el lienzo charro el s\u00e1bado desde las 12 del d\u00eda, donde la charreada ser\u00e1 con catrines y catrinas.<\/p>\n\n\n\n<p>Finalmente dio a conocer que el acceso a todos los eventos es sin costo, por lo que invit\u00f3 a todos los ciudadanos a acudir para preservar las tradiciones y retomar actividades cuidando las medidas.<\/p>\n","protected":false},"excerpt":{"rendered":"<p>Dar\u00edo Pale Xalapa, Ver.- Gustavo Barrios fot\u00f3grafo y organizador del festival &#8220;Noche de Catrinas en el Xallitic&#8221;, \u00a0dio a conocer que este a\u00f1o tambi\u00e9n se llevar\u00e1 a cabo la tradicional Noche de Catrinas, sin embargo ahora durar\u00e1 cuatro d\u00edas. En conferencia de prensa realizada en conocido caf\u00e9 del centro de Xalapa, se\u00f1al\u00f3 que el \u00faltimo [&hellip;]<\/p>\n","protected":false},"author":1,"featured_media":19735,"comment_status":"open","ping_status":"open","sticky":false,"template":"","format":"standard","meta":{"_jetpack_memberships_contains_paid_content":false,"footnotes":""},"categories":[3],"tags":[],"class_list":["post-19734","post","type-post","status-publish","format-standard","has-post-thumbnail","hentry","category-xalapa"],"jetpack_featured_media_url":"https:\/\/encuentroinformativo.com.mx\/wp-content\/uploads\/2021\/10\/5F2A9A54-9C11-4292-BD10-E7C79C1F28CA.jpeg","jetpack_sharing_enabled":true,"jetpack_likes_enabled":true,"amp_enabled":true,"_links":{"self":[{"href":"https:\/\/encuentroinformativo.com.mx\/index.php?rest_route=\/wp\/v2\/posts\/19734","targetHints":{"allow":["GET"]}}],"collection":[{"href":"https:\/\/encuentroinformativo.com.mx\/index.php?rest_route=\/wp\/v2\/posts"}],"about":[{"href":"https:\/\/encuentroinformativo.com.mx\/index.php?rest_route=\/wp\/v2\/types\/post"}],"author":[{"embeddable":true,"href":"https:\/\/encuentroinformativo.com.mx\/index.php?rest_route=\/wp\/v2\/users\/1"}],"replies":[{"embeddable":true,"href":"https:\/\/encuentroinformativo.com.mx\/index.php?rest_route=%2Fwp%2Fv2%2Fcomments&post=19734"}],"version-history":[{"count":1,"href":"https:\/\/encuentroinformativo.com.mx\/index.php?rest_route=\/wp\/v2\/posts\/19734\/revisions"}],"predecessor-version":[{"id":19736,"href":"https:\/\/encuentroinformativo.com.mx\/index.php?rest_route=\/wp\/v2\/posts\/19734\/revisions\/19736"}],"wp:featuredmedia":[{"embeddable":true,"href":"https:\/\/encuentroinformativo.com.mx\/index.php?rest_route=\/wp\/v2\/media\/19735"}],"wp:attachment":[{"href":"https:\/\/encuentroinformativo.com.mx\/index.php?rest_route=%2Fwp%2Fv2%2Fmedia&parent=19734"}],"wp:term":[{"taxonomy":"category","embeddable":true,"href":"https:\/\/encuentroinformativo.com.mx\/index.php?rest_route=%2Fwp%2Fv2%2Fcategories&post=19734"},{"taxonomy":"post_tag","embeddable":true,"href":"https:\/\/encuentroinformativo.com.mx\/index.php?rest_route=%2Fwp%2Fv2%2Ftags&post=19734"}],"curies":[{"name":"wp","href":"https:\/\/api.w.org\/{rel}","templated":true}]}}