{"id":19737,"date":"2021-10-26T13:45:18","date_gmt":"2021-10-26T18:45:18","guid":{"rendered":"https:\/\/encuentroinformativo.com.mx\/?p=19737"},"modified":"2021-10-26T13:45:22","modified_gmt":"2021-10-26T18:45:22","slug":"ex-trabajadores-portuarios-tendrian-posecion-legal-de-7-edificios","status":"publish","type":"post","link":"https:\/\/encuentroinformativo.com.mx\/?p=19737","title":{"rendered":"Ex trabajadores portuarios tendr\u00edan poseci\u00f3n legal de 7 edificios"},"content":{"rendered":"\n<p><strong>Alejandro \u00c1vila<\/strong><\/p>\n\n\n\n<p><strong>Foto: <\/strong>Archivo <\/p>\n\n\n\n<p>Veracruz, Ver.- A pesar de los dichos ejecutados por detractores al movimiento de ex trabajadores portuarios, el presidente Andr\u00e9s Manuel L\u00f3pez Obrador dijo en su \u00faltima &#8220;Ma\u00f1anera&#8221; que se les har\u00e1 justicia a todos los ex empleados y socios afectados por la requisa de 1991, destac\u00f3 Alejandro Pulido Cueto, l\u00edder sindical.<\/p>\n\n\n\n<p>El apoderado legal de la Uni\u00f3n de Estibadores, la Uni\u00f3n de Checadores y el Sindicato de Maniobristas, dijo que se encuentra ya a &#8220;un paso&#8221; de recobrar los siete edificios que les pertenecen y les fueron arrebatados bajo el mandato de Carlos Salinas de Gortari.<\/p>\n\n\n\n<p>&#8220;Ahorita, aunque nosotros tenemos todos los edificios y dos de ellos nada m\u00e1s est\u00e1n como negociaci\u00f3n para no causar problema al desarrollo de las actividades del Gobierno Federal, que es el SAT y es API, ah\u00ed est\u00e1n todav\u00eda en espera de que hagamos la negociaci\u00f3n (\u2026) nosotros confiamos, todos nuestros compa\u00f1eros y todos nosotros confiamos que en este a\u00f1o por lo menos est\u00e9n las bases o se hagan los acuerdos, aunque todo se resuelva o se trate de resolver a principio del pr\u00f3ximo a\u00f1o&#8221;, destac\u00f3.<\/p>\n\n\n\n<p>Pulido Cueto, se\u00f1al\u00f3 que una vez teniendo la poseci\u00f3n legal de todos los edificios, estos tras acuerdo en Asamblea Sindical, se estar\u00edan vendiendo para poder dar una liquidaci\u00f3n econ\u00f3mica a los trabajadores y familiares afectados por la requisa.<\/p>\n\n\n\n<p>&#8220;Que todos los trabajadores portuarios y de todos los sindicatos hoy reciban una liquidaci\u00f3n real, y que sirva para evitar o terminar con la pobreza en la que nos hundieron durante 30 a\u00f1os&#8221;, remat\u00f3.<\/p>\n","protected":false},"excerpt":{"rendered":"<p>Alejandro \u00c1vila Foto: Archivo Veracruz, Ver.- A pesar de los dichos ejecutados por detractores al movimiento de ex trabajadores portuarios, el presidente Andr\u00e9s Manuel L\u00f3pez Obrador dijo en su \u00faltima &#8220;Ma\u00f1anera&#8221; que se les har\u00e1 justicia a todos los ex empleados y socios afectados por la requisa de 1991, destac\u00f3 Alejandro Pulido Cueto, l\u00edder sindical. [&hellip;]<\/p>\n","protected":false},"author":1,"featured_media":19738,"comment_status":"open","ping_status":"open","sticky":false,"template":"","format":"standard","meta":{"_jetpack_memberships_contains_paid_content":false,"footnotes":""},"categories":[2],"tags":[],"class_list":["post-19737","post","type-post","status-publish","format-standard","has-post-thumbnail","hentry","category-estado"],"jetpack_featured_media_url":"https:\/\/encuentroinformativo.com.mx\/wp-content\/uploads\/2021\/10\/8017461D-4807-417C-B639-B15003E7D8B9.jpeg","jetpack_sharing_enabled":true,"jetpack_likes_enabled":true,"amp_enabled":true,"_links":{"self":[{"href":"https:\/\/encuentroinformativo.com.mx\/index.php?rest_route=\/wp\/v2\/posts\/19737","targetHints":{"allow":["GET"]}}],"collection":[{"href":"https:\/\/encuentroinformativo.com.mx\/index.php?rest_route=\/wp\/v2\/posts"}],"about":[{"href":"https:\/\/encuentroinformativo.com.mx\/index.php?rest_route=\/wp\/v2\/types\/post"}],"author":[{"embeddable":true,"href":"https:\/\/encuentroinformativo.com.mx\/index.php?rest_route=\/wp\/v2\/users\/1"}],"replies":[{"embeddable":true,"href":"https:\/\/encuentroinformativo.com.mx\/index.php?rest_route=%2Fwp%2Fv2%2Fcomments&post=19737"}],"version-history":[{"count":1,"href":"https:\/\/encuentroinformativo.com.mx\/index.php?rest_route=\/wp\/v2\/posts\/19737\/revisions"}],"predecessor-version":[{"id":19739,"href":"https:\/\/encuentroinformativo.com.mx\/index.php?rest_route=\/wp\/v2\/posts\/19737\/revisions\/19739"}],"wp:featuredmedia":[{"embeddable":true,"href":"https:\/\/encuentroinformativo.com.mx\/index.php?rest_route=\/wp\/v2\/media\/19738"}],"wp:attachment":[{"href":"https:\/\/encuentroinformativo.com.mx\/index.php?rest_route=%2Fwp%2Fv2%2Fmedia&parent=19737"}],"wp:term":[{"taxonomy":"category","embeddable":true,"href":"https:\/\/encuentroinformativo.com.mx\/index.php?rest_route=%2Fwp%2Fv2%2Fcategories&post=19737"},{"taxonomy":"post_tag","embeddable":true,"href":"https:\/\/encuentroinformativo.com.mx\/index.php?rest_route=%2Fwp%2Fv2%2Ftags&post=19737"}],"curies":[{"name":"wp","href":"https:\/\/api.w.org\/{rel}","templated":true}]}}