{"id":19740,"date":"2021-10-26T13:49:37","date_gmt":"2021-10-26T18:49:37","guid":{"rendered":"https:\/\/encuentroinformativo.com.mx\/?p=19740"},"modified":"2021-10-26T13:49:40","modified_gmt":"2021-10-26T18:49:40","slug":"tras-pandemia-abre-sus-puertas-san-juan-de-ulua","status":"publish","type":"post","link":"https:\/\/encuentroinformativo.com.mx\/?p=19740","title":{"rendered":"Tras pandemia, abre sus puertas San Juan de Ul\u00faa"},"content":{"rendered":"\n<p><strong>Alejandro \u00c1vila<\/strong><\/p>\n\n\n\n<p>Veracruz, Ver.- Este martes 26 de octubre y tras 19 meses cerrado, volvi\u00f3 a abrir sus puertas al p\u00fablico la fortaleza de San Juan de Ul\u00faa.<\/p>\n\n\n\n<p>La informaci\u00f3n que dieron los encargados es que debido a las nuevas reglas de operaci\u00f3n, solo se laborar\u00e1 los d\u00edas martes, mi\u00e9rcoles, viernes y s\u00e1bado, en un horario de 10 de la ma\u00f1ana a 3 de la tarde.<\/p>\n\n\n\n<p>Los visitantes ingresar\u00e1n en grupos de m\u00e1ximo 10 personas, y cada grupo ingresar\u00e1 cada 10 minutos; teniendo una afluencia permitida de 460 personas al d\u00eda.<\/p>\n\n\n\n<p>La entrada tendr\u00e1 un costo de 65 pesos por persona y no pagar\u00e1n quienes presenten credencial vigente de estudiante, maestros, INSEN e INAPAM, adem\u00e1s de ni\u00f1os menores de 12 a\u00f1os.<\/p>\n\n\n\n<p>Finalmente, se aclar\u00f3 que por el momento no estar\u00e1n abiertas todas las exposiciones, pues algunas se encuentran en remodelaci\u00f3n, pero a principios de 2022 todo estar\u00e1 disponible al cien por ciento; cabe recordar que hace una semanas el presidente Andr\u00e9s Manuel L\u00f3pez Obrador anuncio que encargar\u00e1 a la Secretar\u00eda de Marina se encargue de la remodelaci\u00f3n del recinto que alguna vez tuvo preso al ex presidente Benito Ju\u00e1rez.<\/p>\n","protected":false},"excerpt":{"rendered":"<p>Alejandro \u00c1vila Veracruz, Ver.- Este martes 26 de octubre y tras 19 meses cerrado, volvi\u00f3 a abrir sus puertas al p\u00fablico la fortaleza de San Juan de Ul\u00faa. La informaci\u00f3n que dieron los encargados es que debido a las nuevas reglas de operaci\u00f3n, solo se laborar\u00e1 los d\u00edas martes, mi\u00e9rcoles, viernes y s\u00e1bado, en un [&hellip;]<\/p>\n","protected":false},"author":1,"featured_media":19741,"comment_status":"open","ping_status":"open","sticky":false,"template":"","format":"standard","meta":{"_jetpack_memberships_contains_paid_content":false,"footnotes":""},"categories":[2],"tags":[],"class_list":["post-19740","post","type-post","status-publish","format-standard","has-post-thumbnail","hentry","category-estado"],"jetpack_featured_media_url":"https:\/\/encuentroinformativo.com.mx\/wp-content\/uploads\/2021\/10\/8B42C6B0-1360-429D-95F7-17099E6D5650.jpeg","jetpack_sharing_enabled":true,"jetpack_likes_enabled":true,"amp_enabled":true,"_links":{"self":[{"href":"https:\/\/encuentroinformativo.com.mx\/index.php?rest_route=\/wp\/v2\/posts\/19740","targetHints":{"allow":["GET"]}}],"collection":[{"href":"https:\/\/encuentroinformativo.com.mx\/index.php?rest_route=\/wp\/v2\/posts"}],"about":[{"href":"https:\/\/encuentroinformativo.com.mx\/index.php?rest_route=\/wp\/v2\/types\/post"}],"author":[{"embeddable":true,"href":"https:\/\/encuentroinformativo.com.mx\/index.php?rest_route=\/wp\/v2\/users\/1"}],"replies":[{"embeddable":true,"href":"https:\/\/encuentroinformativo.com.mx\/index.php?rest_route=%2Fwp%2Fv2%2Fcomments&post=19740"}],"version-history":[{"count":1,"href":"https:\/\/encuentroinformativo.com.mx\/index.php?rest_route=\/wp\/v2\/posts\/19740\/revisions"}],"predecessor-version":[{"id":19742,"href":"https:\/\/encuentroinformativo.com.mx\/index.php?rest_route=\/wp\/v2\/posts\/19740\/revisions\/19742"}],"wp:featuredmedia":[{"embeddable":true,"href":"https:\/\/encuentroinformativo.com.mx\/index.php?rest_route=\/wp\/v2\/media\/19741"}],"wp:attachment":[{"href":"https:\/\/encuentroinformativo.com.mx\/index.php?rest_route=%2Fwp%2Fv2%2Fmedia&parent=19740"}],"wp:term":[{"taxonomy":"category","embeddable":true,"href":"https:\/\/encuentroinformativo.com.mx\/index.php?rest_route=%2Fwp%2Fv2%2Fcategories&post=19740"},{"taxonomy":"post_tag","embeddable":true,"href":"https:\/\/encuentroinformativo.com.mx\/index.php?rest_route=%2Fwp%2Fv2%2Ftags&post=19740"}],"curies":[{"name":"wp","href":"https:\/\/api.w.org\/{rel}","templated":true}]}}