{"id":19746,"date":"2021-10-26T14:56:34","date_gmt":"2021-10-26T19:56:34","guid":{"rendered":"https:\/\/encuentroinformativo.com.mx\/?p=19746"},"modified":"2021-10-26T14:56:38","modified_gmt":"2021-10-26T19:56:38","slug":"estudiantes-de-teocelo-piden-restablecer-rutas-de-transporte","status":"publish","type":"post","link":"https:\/\/encuentroinformativo.com.mx\/?p=19746","title":{"rendered":"Estudiantes de Teocelo, piden restablecer rutas de transporte"},"content":{"rendered":"\n<p><strong>Juan Arcos<\/strong><\/p>\n\n\n\n<p>Xalapa, Ver.- Estudiantes de Teocelo exigieron que sea restablecida la ruta del servicio de transporte que sal\u00eda del pueblo hacia la avenida Adolfo Ruiz Cortines de la ciudad de Xalapa.<\/p>\n\n\n\n<p>Comentaron que desde hace un par de meses est\u00e1 suspendida la ruta por disposici\u00f3n de las autoridades de transporte p\u00fablico.<\/p>\n\n\n\n<p>Lo anterior, afect\u00f3 a la ciudadan\u00eda que se dirige hacia esa importante avenida en la capital del estado, sobre todo personal que labora en el Centro de Alta Especialidad (CAE) \u201cDoctor Rafael Lucio\u201d, empleadas dom\u00e9sticas, comerciantes, trabajadores de la construcci\u00f3n y, ante el inminente regreso a clases presenciales, a los estudiantes de la zona de Cosautl\u00e1n, Teocelo, San Marcos y Coatepec.<\/p>\n\n\n\n<p>La comunidad estudiantil de Teocelo y la regi\u00f3n ha pedido una soluci\u00f3n a las autoridades correspondientes de tr\u00e1nsito y transporte.<\/p>\n\n\n\n<p>Sin embargo, no han obtenido una respuesta favorable, solo el argumento de que los transportistas no est\u00e1n regularizados.<\/p>\n\n\n\n<p>Los alumnos se dirigieron tambi\u00e9n a los transportistas que brindaban ese servicio desde hace m\u00e1s de 26 a\u00f1os para que dieran una pronta respuesta a esta situaci\u00f3n, pero tampoco la recibieron.<\/p>\n\n\n\n<p>Por lo anterior, la comunidad estudiantil pidi\u00f3 apoyo al gobernador Cuitl\u00e1huac Garc\u00eda Jim\u00e9nez, para que se restablezca ese importante servicio de transporte, mismo que tambi\u00e9n trae como beneficio salvaguardar la integridad de los usuarios que viajan desde primeras horas de la ma\u00f1ana al evitar transbordar de autob\u00fas.<\/p>\n\n\n\n<p>Adicionalmente, el representativo ahorro que los usuarios tienen por la cantidad de 18 pesos diarios, para el usuario general, y de $12 pesos para los estudiantes.<\/p>\n\n\n\n<p>Gasto que si se contempla de manera diaria, semanal y mensual mess una cantidad muy representativa. A ra\u00edz de la cancelaci\u00f3n de ese servicio directo se increment\u00f3 en esa cantidad el gasto de los usuarios.<\/p>\n\n\n\n<p>Los estudiantes y la ciudadan\u00eda afectada mantendr\u00e1n las acciones necesarias hasta lograr la restauraci\u00f3n de ese servicio que es de gran beneficio para sus usuarios.<\/p>\n","protected":false},"excerpt":{"rendered":"<p>Juan Arcos Xalapa, Ver.- Estudiantes de Teocelo exigieron que sea restablecida la ruta del servicio de transporte que sal\u00eda del pueblo hacia la avenida Adolfo Ruiz Cortines de la ciudad de Xalapa. Comentaron que desde hace un par de meses est\u00e1 suspendida la ruta por disposici\u00f3n de las autoridades de transporte p\u00fablico. Lo anterior, afect\u00f3 [&hellip;]<\/p>\n","protected":false},"author":1,"featured_media":19747,"comment_status":"open","ping_status":"open","sticky":false,"template":"","format":"standard","meta":{"_jetpack_memberships_contains_paid_content":false,"footnotes":""},"categories":[8],"tags":[],"class_list":["post-19746","post","type-post","status-publish","format-standard","has-post-thumbnail","hentry","category-region"],"jetpack_featured_media_url":"https:\/\/encuentroinformativo.com.mx\/wp-content\/uploads\/2021\/10\/047185FC-B0E4-4503-91CA-C92195FB71F3.jpeg","jetpack_sharing_enabled":true,"jetpack_likes_enabled":true,"amp_enabled":true,"_links":{"self":[{"href":"https:\/\/encuentroinformativo.com.mx\/index.php?rest_route=\/wp\/v2\/posts\/19746","targetHints":{"allow":["GET"]}}],"collection":[{"href":"https:\/\/encuentroinformativo.com.mx\/index.php?rest_route=\/wp\/v2\/posts"}],"about":[{"href":"https:\/\/encuentroinformativo.com.mx\/index.php?rest_route=\/wp\/v2\/types\/post"}],"author":[{"embeddable":true,"href":"https:\/\/encuentroinformativo.com.mx\/index.php?rest_route=\/wp\/v2\/users\/1"}],"replies":[{"embeddable":true,"href":"https:\/\/encuentroinformativo.com.mx\/index.php?rest_route=%2Fwp%2Fv2%2Fcomments&post=19746"}],"version-history":[{"count":1,"href":"https:\/\/encuentroinformativo.com.mx\/index.php?rest_route=\/wp\/v2\/posts\/19746\/revisions"}],"predecessor-version":[{"id":19748,"href":"https:\/\/encuentroinformativo.com.mx\/index.php?rest_route=\/wp\/v2\/posts\/19746\/revisions\/19748"}],"wp:featuredmedia":[{"embeddable":true,"href":"https:\/\/encuentroinformativo.com.mx\/index.php?rest_route=\/wp\/v2\/media\/19747"}],"wp:attachment":[{"href":"https:\/\/encuentroinformativo.com.mx\/index.php?rest_route=%2Fwp%2Fv2%2Fmedia&parent=19746"}],"wp:term":[{"taxonomy":"category","embeddable":true,"href":"https:\/\/encuentroinformativo.com.mx\/index.php?rest_route=%2Fwp%2Fv2%2Fcategories&post=19746"},{"taxonomy":"post_tag","embeddable":true,"href":"https:\/\/encuentroinformativo.com.mx\/index.php?rest_route=%2Fwp%2Fv2%2Ftags&post=19746"}],"curies":[{"name":"wp","href":"https:\/\/api.w.org\/{rel}","templated":true}]}}