{"id":19758,"date":"2021-10-26T15:36:34","date_gmt":"2021-10-26T20:36:34","guid":{"rendered":"https:\/\/encuentroinformativo.com.mx\/?p=19758"},"modified":"2021-10-26T15:36:38","modified_gmt":"2021-10-26T20:36:38","slug":"promovere-una-universidad-inclusiva-afirma-martin-aguilar","status":"publish","type":"post","link":"https:\/\/encuentroinformativo.com.mx\/?p=19758","title":{"rendered":"Promover\u00e9 una universidad inclusiva, afirma Mart\u00edn Aguilar"},"content":{"rendered":"\n<p><strong>Dar\u00edo Pale<\/strong><\/p>\n\n\n\n<p>Xalapa, Ver.- No deja en claro si tiene alguna vinculaci\u00f3n con la Cuarta Transformaci\u00f3n, m\u00e1s bien justific\u00f3 que como rector se debe reunir con diversos actores pol\u00edticos de diversas ilegolog\u00edas, as\u00ed lo se\u00f1al\u00f3 el rector de la Universidad Veracruzana, Mart\u00edn Aguilar S\u00e1nchez.<\/p>\n\n\n\n<p>En conferencia de prensa realizada en la Unidad de Servicios Bibliotecarios (USBI), dio a conocer que por ejemplo cuando a\u00fan no se reun\u00eda con el Gobernador dec\u00edan que estaba peleado con \u00e9l, una vez que lo hizo, entonces dijeron que ya era de la 4 y 5T.<\/p>\n\n\n\n<p>De manera que, se defini\u00f3 respetuoso de la Casa de Estudios y lo que tiene es un di\u00e1logo respetuoso con actores de la Universidad y de la esfera acad\u00e9mica a nivel nacional e internacional.<\/p>\n\n\n\n<p>&#8220;Tengo un proyecto muy claro y por eso estamos reforzando esa idea de los cambios al interior de la Universidad, de la participaci\u00f3n, de una universidad inclusiva, de una universidad no discriminatoria, queremos aprender a transitar de una manera m\u00e1s seria y una visi\u00f3n m\u00e1s amplia de la UV&#8221;, se\u00f1al\u00f3.<\/p>\n\n\n\n<p>Resalt\u00f3 que como acad\u00e9mico tiene una historia personal larga en el proceso de democratizaci\u00f3n del Estado y el pa\u00eds, por lo que se mantiene con esa din\u00e1mica, en una propuesta democr\u00e1tica progresista, participativa, que se refleja en la idea de los foros que llevar\u00e1n a cabo y de una consulta seria y sistem\u00e1tica.<\/p>\n\n\n\n<p>Y por otra parte, como rector tiene que estar en relaci\u00f3n con todos los actores sociales, acad\u00e9micos, pol\u00edticos del Estado y el pa\u00eds.<\/p>\n\n\n\n<p>Al cuestionarlo si ten\u00eda alg\u00fan v\u00ednculo con la 4T y de manera espec\u00edfica con Manuel Huerta confes\u00f3 que, &#8220;entonces, yo supongo que ha de haber sido lo de Manuel Huerta porque est\u00e1 encargado del proceso de vacunaci\u00f3n y tuvimos una reuni\u00f3n de seguimiento en la Rector\u00eda para ver c\u00f3mo iba el proceso a nivel estatal&#8221;.<\/p>\n\n\n\n<p>Asimismo, sostuvo que como rector se re\u00fane con distintos actores de distintas ideolog\u00edas y perspectivas e insisti\u00f3 en que su misi\u00f3n es m\u00e1s amplia y democr\u00e1tica, y expres\u00f3 su alegr\u00eda por el acercamiento que inici\u00f3 este lunes de las generaciones que ingresaron 2020 y 2021, pero reconoci\u00f3 que no pueden &#8220;cantar victoria&#8221;.<\/p>\n\n\n\n<p>Subray\u00f3 que deben cuidar mucho las medidas sanitarias para evitar que se registre un n\u00famero mayor de contagios.<\/p>\n\n\n\n<p>En cuanto a la deserci\u00f3n escolar, el acad\u00e9mico revel\u00f3 que esta ha sido del 15 por ciento del total de la matr\u00edcula, explic\u00f3 que algunos estudiantes se dieron de baja un semestre y regresaron al siguiente semestre, pero otros se dieron de baja dos semestres.<\/p>\n\n\n\n<p>Por \u00faltimo se\u00f1al\u00f3 que adem\u00e1s el impacto del hurac\u00e1n Grace vino a agudizar m\u00e1s los problemas, ya que gener\u00f3 fallas en la conectividad que apenas se est\u00e1n resolviendo.<\/p>\n","protected":false},"excerpt":{"rendered":"<p>Dar\u00edo Pale Xalapa, Ver.- No deja en claro si tiene alguna vinculaci\u00f3n con la Cuarta Transformaci\u00f3n, m\u00e1s bien justific\u00f3 que como rector se debe reunir con diversos actores pol\u00edticos de diversas ilegolog\u00edas, as\u00ed lo se\u00f1al\u00f3 el rector de la Universidad Veracruzana, Mart\u00edn Aguilar S\u00e1nchez. En conferencia de prensa realizada en la Unidad de Servicios Bibliotecarios [&hellip;]<\/p>\n","protected":false},"author":1,"featured_media":19759,"comment_status":"open","ping_status":"open","sticky":false,"template":"","format":"standard","meta":{"_jetpack_memberships_contains_paid_content":false,"footnotes":""},"categories":[2],"tags":[],"class_list":["post-19758","post","type-post","status-publish","format-standard","has-post-thumbnail","hentry","category-estado"],"jetpack_featured_media_url":"https:\/\/encuentroinformativo.com.mx\/wp-content\/uploads\/2021\/10\/E5ABF5F8-CB95-48D0-8C64-C856E20B25D3.jpeg","jetpack_sharing_enabled":true,"jetpack_likes_enabled":true,"amp_enabled":true,"_links":{"self":[{"href":"https:\/\/encuentroinformativo.com.mx\/index.php?rest_route=\/wp\/v2\/posts\/19758","targetHints":{"allow":["GET"]}}],"collection":[{"href":"https:\/\/encuentroinformativo.com.mx\/index.php?rest_route=\/wp\/v2\/posts"}],"about":[{"href":"https:\/\/encuentroinformativo.com.mx\/index.php?rest_route=\/wp\/v2\/types\/post"}],"author":[{"embeddable":true,"href":"https:\/\/encuentroinformativo.com.mx\/index.php?rest_route=\/wp\/v2\/users\/1"}],"replies":[{"embeddable":true,"href":"https:\/\/encuentroinformativo.com.mx\/index.php?rest_route=%2Fwp%2Fv2%2Fcomments&post=19758"}],"version-history":[{"count":1,"href":"https:\/\/encuentroinformativo.com.mx\/index.php?rest_route=\/wp\/v2\/posts\/19758\/revisions"}],"predecessor-version":[{"id":19760,"href":"https:\/\/encuentroinformativo.com.mx\/index.php?rest_route=\/wp\/v2\/posts\/19758\/revisions\/19760"}],"wp:featuredmedia":[{"embeddable":true,"href":"https:\/\/encuentroinformativo.com.mx\/index.php?rest_route=\/wp\/v2\/media\/19759"}],"wp:attachment":[{"href":"https:\/\/encuentroinformativo.com.mx\/index.php?rest_route=%2Fwp%2Fv2%2Fmedia&parent=19758"}],"wp:term":[{"taxonomy":"category","embeddable":true,"href":"https:\/\/encuentroinformativo.com.mx\/index.php?rest_route=%2Fwp%2Fv2%2Fcategories&post=19758"},{"taxonomy":"post_tag","embeddable":true,"href":"https:\/\/encuentroinformativo.com.mx\/index.php?rest_route=%2Fwp%2Fv2%2Ftags&post=19758"}],"curies":[{"name":"wp","href":"https:\/\/api.w.org\/{rel}","templated":true}]}}