{"id":19761,"date":"2021-10-26T19:30:40","date_gmt":"2021-10-27T00:30:40","guid":{"rendered":"https:\/\/encuentroinformativo.com.mx\/?p=19761"},"modified":"2021-10-26T19:30:43","modified_gmt":"2021-10-27T00:30:43","slug":"buscara-morena-fortalecer-gobiernos-locales","status":"publish","type":"post","link":"https:\/\/encuentroinformativo.com.mx\/?p=19761","title":{"rendered":"Buscar\u00e1 Morena fortalecer gobiernos locales"},"content":{"rendered":"\n<p><strong>Dar\u00edo Pale<\/strong><\/p>\n\n\n\n<p>Xalapa, Ver.- La delegada especial de Morena en municipios del pa\u00eds, Mar\u00eda de los Dolores Padierna Luna dio a conocer que Veracruz es un estado muy importante para Morena, que al mismo tiempo es muy grande y complejo.<\/p>\n\n\n\n<p>Entrevistada en los pasillos de conocido caf\u00e9 del centro de Xalapa se\u00f1al\u00f3 que, &#8220;f\u00e1cil nada es pol\u00edticamente, yo vengo a ayudar, vengo a ayudar a los alcaldes en lo que yo pueda servirles, vengo a poner mi mano franca para que Morena quede muy bien en el coraz\u00f3n y mente de la gente&#8221;.<\/p>\n\n\n\n<p>Cuestionada sobre la pol\u00e9mica entre el Gobernador y el presidente de la Mesa Directiva de la C\u00e1mara de Diputados, Sergio Guti\u00e9rrez Luna, respondi\u00f3 que no le interesa hacer grupos al interior de su partido.<\/p>\n\n\n\n<p>&#8220;No vengo a hacer grupo, no vengo a nada m\u00e1s que a cumplir la responsabilidad que me confiri\u00f3 mi partido. Vamos a hacer un trabajo de la mano en acuerdo con el Gobernador, este es un asunto de partido&#8221;, se\u00f1al\u00f3.<\/p>\n\n\n\n<p>Sostuvo que no es nadie para curar heridas o rupturas entre los morenistas, al insistirsele sobre las expresiones del Mandatario veracruzano con el oriundo de Minatitl\u00e1n.<\/p>\n\n\n\n<p>Dio a conocer que viene a reunirse con el Gobernador, a presentarse toda vez que recientemente fue nombrada como delegada para la atenci\u00f3n de los gobiernos locales.<\/p>\n\n\n\n<p>Destac\u00f3 que esta es la primera vez que Morena gana 780 municipios mientras que con los aliados llegan casi a los mil, es decir, gobernar\u00e1n a m\u00e1s de la mitad del territorio nacional.<\/p>\n\n\n\n<p>&#8220;Lo cual es muy relevante, nunca en la historia un partido de izquierda hab\u00eda logrado toda esta proeza, me siento honrada que el partido me haya nombrado en esta responsabilidad&#8221;, inform\u00f3.<\/p>\n\n\n\n<p>Finalmente dio a conocer que su responsabilidad estriba en dar un seguimiento a los alcaldes y gobiernos locales, para que se apliquen los principios de austeridad, honestidad, de servicio al pueblo y que todo morenista debe seguir.<\/p>\n","protected":false},"excerpt":{"rendered":"<p>Dar\u00edo Pale Xalapa, Ver.- La delegada especial de Morena en municipios del pa\u00eds, Mar\u00eda de los Dolores Padierna Luna dio a conocer que Veracruz es un estado muy importante para Morena, que al mismo tiempo es muy grande y complejo. Entrevistada en los pasillos de conocido caf\u00e9 del centro de Xalapa se\u00f1al\u00f3 que, &#8220;f\u00e1cil nada [&hellip;]<\/p>\n","protected":false},"author":1,"featured_media":19762,"comment_status":"open","ping_status":"open","sticky":false,"template":"","format":"standard","meta":{"_jetpack_memberships_contains_paid_content":false,"footnotes":""},"categories":[2],"tags":[],"class_list":["post-19761","post","type-post","status-publish","format-standard","has-post-thumbnail","hentry","category-estado"],"jetpack_featured_media_url":"https:\/\/encuentroinformativo.com.mx\/wp-content\/uploads\/2021\/10\/61123D7C-244F-4A11-A819-A67361E2949C.jpeg","jetpack_sharing_enabled":true,"jetpack_likes_enabled":true,"amp_enabled":true,"_links":{"self":[{"href":"https:\/\/encuentroinformativo.com.mx\/index.php?rest_route=\/wp\/v2\/posts\/19761","targetHints":{"allow":["GET"]}}],"collection":[{"href":"https:\/\/encuentroinformativo.com.mx\/index.php?rest_route=\/wp\/v2\/posts"}],"about":[{"href":"https:\/\/encuentroinformativo.com.mx\/index.php?rest_route=\/wp\/v2\/types\/post"}],"author":[{"embeddable":true,"href":"https:\/\/encuentroinformativo.com.mx\/index.php?rest_route=\/wp\/v2\/users\/1"}],"replies":[{"embeddable":true,"href":"https:\/\/encuentroinformativo.com.mx\/index.php?rest_route=%2Fwp%2Fv2%2Fcomments&post=19761"}],"version-history":[{"count":1,"href":"https:\/\/encuentroinformativo.com.mx\/index.php?rest_route=\/wp\/v2\/posts\/19761\/revisions"}],"predecessor-version":[{"id":19763,"href":"https:\/\/encuentroinformativo.com.mx\/index.php?rest_route=\/wp\/v2\/posts\/19761\/revisions\/19763"}],"wp:featuredmedia":[{"embeddable":true,"href":"https:\/\/encuentroinformativo.com.mx\/index.php?rest_route=\/wp\/v2\/media\/19762"}],"wp:attachment":[{"href":"https:\/\/encuentroinformativo.com.mx\/index.php?rest_route=%2Fwp%2Fv2%2Fmedia&parent=19761"}],"wp:term":[{"taxonomy":"category","embeddable":true,"href":"https:\/\/encuentroinformativo.com.mx\/index.php?rest_route=%2Fwp%2Fv2%2Fcategories&post=19761"},{"taxonomy":"post_tag","embeddable":true,"href":"https:\/\/encuentroinformativo.com.mx\/index.php?rest_route=%2Fwp%2Fv2%2Ftags&post=19761"}],"curies":[{"name":"wp","href":"https:\/\/api.w.org\/{rel}","templated":true}]}}