{"id":19768,"date":"2021-10-27T11:44:37","date_gmt":"2021-10-27T16:44:37","guid":{"rendered":"https:\/\/encuentroinformativo.com.mx\/?p=19768"},"modified":"2021-10-27T11:44:41","modified_gmt":"2021-10-27T16:44:41","slug":"promueve-canaco-manejo-de-alimentos-en-tlalixcoyan","status":"publish","type":"post","link":"https:\/\/encuentroinformativo.com.mx\/?p=19768","title":{"rendered":"Promueve CANACO manejo de alimentos en Tlalixcoyan"},"content":{"rendered":"\n<p><strong>Alejandro \u00c1vila<\/strong><\/p>\n\n\n\n<p>Veracruz, Ver.- A partir de este mi\u00e9rcoles  27 de octubre m\u00e1s de 40 comerciantes de los municipios de Tlalixcoyan e Ignacio de la Llave, finalmente podr\u00e1n acreditarse con el curso de &#8220;Manejo de Alimentos&#8221; que imparte la Jurisdicci\u00f3n Sanitaria VIII, totalmente gratuito.<\/p>\n\n\n\n<p>Juan Luis Guti\u00e9rrez Castro, presidente de CANACO Piedras Negras, apunt\u00f3 que esta vinculaci\u00f3n se realiz\u00f3 para evitar probables cierres de comercios que no cumplan con las normas que establece Gobierno del Estado, pues se busca evitar sanciones y que los empresarios y empleados se vean m\u00e1s afectados en su econom\u00eda, misma que est\u00e1 apenas creciendo tras la pandemia de COVID-19.<\/p>\n\n\n\n<p>&#8220;Aqu\u00ed la diferencia o el apoyo es que se va a estar impartiendo en Piedras Negras, para todos los comerciantes de all\u00e1 que entren en este giro, te lo vuelvo a repetir, y pues as\u00ed evitar gastos de traslado a Veracruz (\u2026) hasta ahorita llevamos registrados entre 35 y 40 comerciantes de los giros que manejan alimentos como, carnicerias, tiendas de abarrote, bares y cantinas, caf\u00e9s, restaurantes, fondas, taquerias, el chiste es que toda la gente hasta cierto punto pueda contar con esta certificaci\u00f3n&#8221;, subray\u00f3.<\/p>\n\n\n\n<p>Guti\u00e9rrez Castro, aclar\u00f3 que este curso no solo se impartir\u00e1 a los agremiados de CANACO Piedras Negras, sino todo aquel comerciante que decida acreditarse en el manejo de alimentos, aunque para obtenerlo, s\u00ed deber\u00e1 acudir a las oficinas centrales para registrarse en la segunda etapa.<\/p>\n\n\n\n<p>&#8220;Como c\u00e1mara empresarial nos toca ver en la delegaci\u00f3n Piedras Negras los municipios de Tlalixcoyan e Ignacio de la Llave, esta es la primera etapa, se va a hacer esta impartici\u00f3n de los cursos en Piedras Negra y posteriormente vamos a continuarlos en La Mixtequilla, en la cabecera municipal en Tlalixcoyan, y posteriormente se van a ir dando los cursos conforme vaya existiendo la necesidad de m\u00e1s agremiados&#8221;, remat\u00f3.<\/p>\n","protected":false},"excerpt":{"rendered":"<p>Alejandro \u00c1vila Veracruz, Ver.- A partir de este mi\u00e9rcoles 27 de octubre m\u00e1s de 40 comerciantes de los municipios de Tlalixcoyan e Ignacio de la Llave, finalmente podr\u00e1n acreditarse con el curso de &#8220;Manejo de Alimentos&#8221; que imparte la Jurisdicci\u00f3n Sanitaria VIII, totalmente gratuito. Juan Luis Guti\u00e9rrez Castro, presidente de CANACO Piedras Negras, apunt\u00f3 que [&hellip;]<\/p>\n","protected":false},"author":1,"featured_media":19769,"comment_status":"open","ping_status":"open","sticky":false,"template":"","format":"standard","meta":{"_jetpack_memberships_contains_paid_content":false,"footnotes":""},"categories":[2],"tags":[],"class_list":["post-19768","post","type-post","status-publish","format-standard","has-post-thumbnail","hentry","category-estado"],"jetpack_featured_media_url":"https:\/\/encuentroinformativo.com.mx\/wp-content\/uploads\/2021\/10\/EA8C4E3C-72C7-4872-9C56-996DA62494C0.jpeg","jetpack_sharing_enabled":true,"jetpack_likes_enabled":true,"amp_enabled":true,"_links":{"self":[{"href":"https:\/\/encuentroinformativo.com.mx\/index.php?rest_route=\/wp\/v2\/posts\/19768","targetHints":{"allow":["GET"]}}],"collection":[{"href":"https:\/\/encuentroinformativo.com.mx\/index.php?rest_route=\/wp\/v2\/posts"}],"about":[{"href":"https:\/\/encuentroinformativo.com.mx\/index.php?rest_route=\/wp\/v2\/types\/post"}],"author":[{"embeddable":true,"href":"https:\/\/encuentroinformativo.com.mx\/index.php?rest_route=\/wp\/v2\/users\/1"}],"replies":[{"embeddable":true,"href":"https:\/\/encuentroinformativo.com.mx\/index.php?rest_route=%2Fwp%2Fv2%2Fcomments&post=19768"}],"version-history":[{"count":1,"href":"https:\/\/encuentroinformativo.com.mx\/index.php?rest_route=\/wp\/v2\/posts\/19768\/revisions"}],"predecessor-version":[{"id":19770,"href":"https:\/\/encuentroinformativo.com.mx\/index.php?rest_route=\/wp\/v2\/posts\/19768\/revisions\/19770"}],"wp:featuredmedia":[{"embeddable":true,"href":"https:\/\/encuentroinformativo.com.mx\/index.php?rest_route=\/wp\/v2\/media\/19769"}],"wp:attachment":[{"href":"https:\/\/encuentroinformativo.com.mx\/index.php?rest_route=%2Fwp%2Fv2%2Fmedia&parent=19768"}],"wp:term":[{"taxonomy":"category","embeddable":true,"href":"https:\/\/encuentroinformativo.com.mx\/index.php?rest_route=%2Fwp%2Fv2%2Fcategories&post=19768"},{"taxonomy":"post_tag","embeddable":true,"href":"https:\/\/encuentroinformativo.com.mx\/index.php?rest_route=%2Fwp%2Fv2%2Ftags&post=19768"}],"curies":[{"name":"wp","href":"https:\/\/api.w.org\/{rel}","templated":true}]}}