{"id":19778,"date":"2021-10-27T13:05:36","date_gmt":"2021-10-27T18:05:36","guid":{"rendered":"https:\/\/encuentroinformativo.com.mx\/?p=19778"},"modified":"2021-10-27T13:05:40","modified_gmt":"2021-10-27T18:05:40","slug":"buscan-a-colombiano-desaparecido-en-veracruz","status":"publish","type":"post","link":"https:\/\/encuentroinformativo.com.mx\/?p=19778","title":{"rendered":"Buscan a colombiano desaparecido en Veracruz"},"content":{"rendered":"\n<p><strong>Alejandro \u00c1vila<\/strong><\/p>\n\n\n\n<p>Veracruz, Ver.- El pasado 24 de septiembre fue el \u00faltimo d\u00eda que Jos\u00e9 Naul Orozco Bentacurt, de origen colombiano, se comunic\u00f3 con su familia de aquel pa\u00eds para avisarles que se encontraba en el Puerto de Veracruz, desde entonces su familia lo busca.<\/p>\n\n\n\n<p>Yuni Orozco Bentacurt, hermana del joven treinta\u00f1ero, se\u00f1al\u00f3 que desde hace 9 meses su hermano se encontraba radicando en M\u00e9xico, y durante el mes de septiembre opt\u00f3 por recorrer el pa\u00eds visitando Veracruz lugar donde se comunic\u00f3 por \u00faltima vez.<\/p>\n\n\n\n<p>Desde ese 24 de septiembre han esperado a que se comunique, ya que lo hac\u00eda con regularidad; sin embargo, en las \u00faltimas semanas ni los mensajes ni las llamadas le llegan por lo que decidieron emprender su b\u00fasqueda.<\/p>\n\n\n\n<p>Desde Colombia hacen un llamado a las autoridades mexicanas, sobretodo veracruzanas para atender su situaci\u00f3n y es que temen por su vida.<\/p>\n\n\n\n<p>\u201c\u00c9l siempre se comunicaba, el 24 de septiembre habl\u00f3 conmigo fue la \u00faltima noche que la escribimos desde entonces aparece en su WhatsApp que es su \u00faltima conexi\u00f3n, nosotros tememos porque sabemos que Veracruz es un estado peligroso y ya tiene m\u00e1s del mes que no se comunica y eso no es regular en mi hermano\u201d, indic\u00f3.<\/p>\n\n\n\n<p>La familia Orozco Bentacurt se encuentra haciendo las llamadas pertinentes en su pa\u00eds; sin embargo, les parece dif\u00edcil poder llegar de alguna manera a Veracruz para buscarlo, por lo que han intentado contactarse con el Consulado colombiano en este pa\u00eds.<\/p>\n\n\n\n<p>\u201cNosotros decidimos buscar los medios de comunicaci\u00f3n y nos dimos cuenta que Veracruz es peligroso y mi hermano nunca deja de comunicarse as\u00ed por tantos d\u00edas con su familia, \u00e9l vivio muchos meses en la Ciudad de M\u00e9xico, all\u00e1 radicaba, pero decidi\u00f3 darse unas vacaciones para recorrer el pa\u00eds\u201d, dijo.<\/p>\n\n\n\n<p>Actualmente, la Comisi\u00f3n Estatal de B\u00fasqueda de Personas Desaparecidas p\u00fablico un bolet\u00edn con su nombre y datos personales as\u00ed como su fotograf\u00eda para recabar informaci\u00f3n acerca de su paradero.<\/p>\n","protected":false},"excerpt":{"rendered":"<p>Alejandro \u00c1vila Veracruz, Ver.- El pasado 24 de septiembre fue el \u00faltimo d\u00eda que Jos\u00e9 Naul Orozco Bentacurt, de origen colombiano, se comunic\u00f3 con su familia de aquel pa\u00eds para avisarles que se encontraba en el Puerto de Veracruz, desde entonces su familia lo busca. Yuni Orozco Bentacurt, hermana del joven treinta\u00f1ero, se\u00f1al\u00f3 que desde [&hellip;]<\/p>\n","protected":false},"author":1,"featured_media":19779,"comment_status":"open","ping_status":"open","sticky":false,"template":"","format":"standard","meta":{"_jetpack_memberships_contains_paid_content":false,"footnotes":""},"categories":[2],"tags":[],"class_list":["post-19778","post","type-post","status-publish","format-standard","has-post-thumbnail","hentry","category-estado"],"jetpack_featured_media_url":"https:\/\/encuentroinformativo.com.mx\/wp-content\/uploads\/2021\/10\/FCA91D6F-F3E9-475A-BA56-B53EA08465B6.jpeg","jetpack_sharing_enabled":true,"jetpack_likes_enabled":true,"amp_enabled":true,"_links":{"self":[{"href":"https:\/\/encuentroinformativo.com.mx\/index.php?rest_route=\/wp\/v2\/posts\/19778","targetHints":{"allow":["GET"]}}],"collection":[{"href":"https:\/\/encuentroinformativo.com.mx\/index.php?rest_route=\/wp\/v2\/posts"}],"about":[{"href":"https:\/\/encuentroinformativo.com.mx\/index.php?rest_route=\/wp\/v2\/types\/post"}],"author":[{"embeddable":true,"href":"https:\/\/encuentroinformativo.com.mx\/index.php?rest_route=\/wp\/v2\/users\/1"}],"replies":[{"embeddable":true,"href":"https:\/\/encuentroinformativo.com.mx\/index.php?rest_route=%2Fwp%2Fv2%2Fcomments&post=19778"}],"version-history":[{"count":1,"href":"https:\/\/encuentroinformativo.com.mx\/index.php?rest_route=\/wp\/v2\/posts\/19778\/revisions"}],"predecessor-version":[{"id":19780,"href":"https:\/\/encuentroinformativo.com.mx\/index.php?rest_route=\/wp\/v2\/posts\/19778\/revisions\/19780"}],"wp:featuredmedia":[{"embeddable":true,"href":"https:\/\/encuentroinformativo.com.mx\/index.php?rest_route=\/wp\/v2\/media\/19779"}],"wp:attachment":[{"href":"https:\/\/encuentroinformativo.com.mx\/index.php?rest_route=%2Fwp%2Fv2%2Fmedia&parent=19778"}],"wp:term":[{"taxonomy":"category","embeddable":true,"href":"https:\/\/encuentroinformativo.com.mx\/index.php?rest_route=%2Fwp%2Fv2%2Fcategories&post=19778"},{"taxonomy":"post_tag","embeddable":true,"href":"https:\/\/encuentroinformativo.com.mx\/index.php?rest_route=%2Fwp%2Fv2%2Ftags&post=19778"}],"curies":[{"name":"wp","href":"https:\/\/api.w.org\/{rel}","templated":true}]}}