{"id":19784,"date":"2021-10-27T13:20:18","date_gmt":"2021-10-27T18:20:18","guid":{"rendered":"https:\/\/encuentroinformativo.com.mx\/?p=19784"},"modified":"2021-10-27T13:20:22","modified_gmt":"2021-10-27T18:20:22","slug":"sin-definir-si-abriran-panteones-en-veracruz-puerto","status":"publish","type":"post","link":"https:\/\/encuentroinformativo.com.mx\/?p=19784","title":{"rendered":"Sin definir si abrir\u00e1n panteones en Veracruz puerto"},"content":{"rendered":"\n<p><strong>Alejandro \u00c1vila<\/strong><\/p>\n\n\n\n<p>Veracruz, Ver. \u2013 Con el cambio de semaforizaci\u00f3n, existe una amplia posibilidad de que los panteones del municipio de Veracruz puedan abrir sus puertas, aunque todo quedar\u00e1 definido este mi\u00e9rcoles por la tarde, asegur\u00f3 el alcalde, Fernando Yunes M\u00e1rquez.<\/p>\n\n\n\n<p>El edil panista dijo que la ciudadan\u00eda debe entender que aun con los permisos de apertura del pante\u00f3n municipal y los privados, se deben continuar respetando los protocolos sanitarios; si bien es un festejo muy grande el \u201cD\u00eda de Muertos\u201d, se debe dosificar la presencia de familiares y el tiempo de visitas.<\/p>\n\n\n\n<p>\u201cM\u00e1s bien es la directriz que nos marca (Secretar\u00eda) Salud, que es lo que nosotros esperamos en su momento, yo creo que de manera indistinta se abra o no se abra, todo mundo debe de seguir tomando precauciones, asistir con cubrebocas, tratar de ir los menos miembros de la familia, de ser posible, estar el menor tiempo posible, tambi\u00e9n, porque son fechas, como todos sabemos, habitualmente va mucha gente a los panteones, y nosotros de ser as\u00ed que se abran, que lo m\u00e1s seguro es que s\u00ed, pues estaremos tomando todas las medidas\u201d, apunt\u00f3.<\/p>\n\n\n\n<p>Este mi\u00e9rcoles el Ayuntamiento de Veracruz destac\u00f3 la entrega de la despensa 750 mil procedente del programa social \u201cVeracruz Contigo\u201d, mismo que destac\u00f3 se dio a cerca de 30 mil familias mensuales en situaci\u00f3n de vulnerabilidad, todo con un gasto anual del presupuesto municipal, de 50 millones de pesos.<\/p>\n\n\n\n<p>\u201cNo hay un solo Ayuntamiento en el Estado de Veracruz que tenga un programa parecido a este, ni uno solo, ni Xalapa, ni Coatzacoalcos, ni Poza Rica, ni Boca del R\u00edo, ninguno, somos el \u00fanico Ayuntamiento que con recursos propios pueden tener un programa que apoya mes con mes a 30 mil familias\u201d, culmin\u00f3.<br>\u00a0<br>\u00a0<br>\u00a0<br>\u00a0<\/p>\n","protected":false},"excerpt":{"rendered":"<p>Alejandro \u00c1vila Veracruz, Ver. \u2013 Con el cambio de semaforizaci\u00f3n, existe una amplia posibilidad de que los panteones del municipio de Veracruz puedan abrir sus puertas, aunque todo quedar\u00e1 definido este mi\u00e9rcoles por la tarde, asegur\u00f3 el alcalde, Fernando Yunes M\u00e1rquez. El edil panista dijo que la ciudadan\u00eda debe entender que aun con los permisos [&hellip;]<\/p>\n","protected":false},"author":1,"featured_media":19785,"comment_status":"open","ping_status":"open","sticky":false,"template":"","format":"standard","meta":{"_jetpack_memberships_contains_paid_content":false,"footnotes":""},"categories":[2],"tags":[],"class_list":["post-19784","post","type-post","status-publish","format-standard","has-post-thumbnail","hentry","category-estado"],"jetpack_featured_media_url":"https:\/\/encuentroinformativo.com.mx\/wp-content\/uploads\/2021\/10\/78E274E2-1175-4C6E-8F34-F59700E2C922.jpeg","jetpack_sharing_enabled":true,"jetpack_likes_enabled":true,"amp_enabled":true,"_links":{"self":[{"href":"https:\/\/encuentroinformativo.com.mx\/index.php?rest_route=\/wp\/v2\/posts\/19784","targetHints":{"allow":["GET"]}}],"collection":[{"href":"https:\/\/encuentroinformativo.com.mx\/index.php?rest_route=\/wp\/v2\/posts"}],"about":[{"href":"https:\/\/encuentroinformativo.com.mx\/index.php?rest_route=\/wp\/v2\/types\/post"}],"author":[{"embeddable":true,"href":"https:\/\/encuentroinformativo.com.mx\/index.php?rest_route=\/wp\/v2\/users\/1"}],"replies":[{"embeddable":true,"href":"https:\/\/encuentroinformativo.com.mx\/index.php?rest_route=%2Fwp%2Fv2%2Fcomments&post=19784"}],"version-history":[{"count":1,"href":"https:\/\/encuentroinformativo.com.mx\/index.php?rest_route=\/wp\/v2\/posts\/19784\/revisions"}],"predecessor-version":[{"id":19786,"href":"https:\/\/encuentroinformativo.com.mx\/index.php?rest_route=\/wp\/v2\/posts\/19784\/revisions\/19786"}],"wp:featuredmedia":[{"embeddable":true,"href":"https:\/\/encuentroinformativo.com.mx\/index.php?rest_route=\/wp\/v2\/media\/19785"}],"wp:attachment":[{"href":"https:\/\/encuentroinformativo.com.mx\/index.php?rest_route=%2Fwp%2Fv2%2Fmedia&parent=19784"}],"wp:term":[{"taxonomy":"category","embeddable":true,"href":"https:\/\/encuentroinformativo.com.mx\/index.php?rest_route=%2Fwp%2Fv2%2Fcategories&post=19784"},{"taxonomy":"post_tag","embeddable":true,"href":"https:\/\/encuentroinformativo.com.mx\/index.php?rest_route=%2Fwp%2Fv2%2Ftags&post=19784"}],"curies":[{"name":"wp","href":"https:\/\/api.w.org\/{rel}","templated":true}]}}