{"id":19793,"date":"2021-10-27T15:06:55","date_gmt":"2021-10-27T20:06:55","guid":{"rendered":"https:\/\/encuentroinformativo.com.mx\/?p=19793"},"modified":"2021-10-27T15:06:58","modified_gmt":"2021-10-27T20:06:58","slug":"inicio-issste-vacunacion-a-menores-con-comorbilidad","status":"publish","type":"post","link":"https:\/\/encuentroinformativo.com.mx\/?p=19793","title":{"rendered":"Inici\u00f3 ISSSTE vacunaci\u00f3n a menores con comorbilidad"},"content":{"rendered":"\n<p><strong>Dar\u00edo Pale<\/strong><\/p>\n\n\n\n<p>Xalapa, Ver.- El director de la cl\u00ednica del ISSSTE-Xalapa Juan Carlos Ch\u00e1vez Quiroz dio a conocer que el d\u00eda de hoy dio inicio la jornada de vacunaci\u00f3n contra el coronavirus a menores, se vacunar\u00e1n a 130 de 12 a 17 a\u00f1os que tengan alguna comorbilidad y madres adolescentes.<\/p>\n\n\n\n<p>Entrevistado en las instalaciones de la cl\u00ednica se\u00f1al\u00f3 que es en ese lugar, es una de las sedes para atender a ese sector de la poblaci\u00f3n, donde arranc\u00f3 la aplicaci\u00f3n de la vacuna Pfizer.<\/p>\n\n\n\n<p>El director del ISSSTE explic\u00f3 que, &#8220;estamos \u00a0sirviendo de apoyo a la unidad heroica de Veracruz del ISSSTE y por lo tanto entre la cl\u00ednica de all\u00e1 y de aqu\u00ed hay un aproximado de 130 gentes menores\u201d.<\/p>\n\n\n\n<p>En cuanto a la segunda dosis, el funcionario federal explic\u00f3 que la brigada correcaminos es la &#8220;que nos da las indicaciones para la segunda dosis\u201d.<\/p>\n\n\n\n<p>Conforme a lo decretado por el presidente Andr\u00e9s Manuel L\u00f3pez Obrador y realmente hoy se organiz\u00f3 la log\u00edstica para vacunar a personas vulnerables de 12 a 17 a\u00f1os, &#8220;hemos tenido jornadas previas con el personal m\u00e9dico, hoy es la \u00a0jornada que por primera vez estamos vacunando a los derechohabientes&#8221;.<\/p>\n\n\n\n<p>En esta ocasi\u00f3n la vacunacion no ser\u00e1 p\u00fablica &#8220;sino que ser\u00e1n llevados a los hospitales por sus propios m\u00e9dicos a trav\u00e9s de indicaciones que se forma parte de la poblaci\u00f3n vulnerable.<\/p>\n\n\n\n<p>En otro orden de ideas el delegado federal, Manuel Huerta Ladr\u00f3n de Guevara, se\u00f1al\u00f3 que se vacunar\u00e1 a todos los menores que sufran de alguna enfermedad cr\u00f3nica degenerativa.<\/p>\n\n\n\n<p>&#8220;Ser\u00e1n llevados a los hospitales por sus m\u00e9dicos, pero qui\u00e9n no tenga esa atenci\u00f3n podr\u00e1n subirse a la plataforma para que puedan ser revisado su caso&#8221;, coment\u00f3 el delegado del Bienestar.<\/p>\n\n\n\n<p>Cabe mencionar que para recibir la dosis, se requiere el \u00a0comprobante m\u00e9dico de vacunaci\u00f3n que acredita que el menor de edad tiene una comorbilidad tambi\u00e9n deber\u00e1 incluir el nombre del m\u00e9dico que atendi\u00f3 y el n\u00famero de c\u00e9dula profesional con la finalidad de que la Secretar\u00eda de Salud Federal acredite dicho estado de salud.<\/p>\n\n\n\n<p>Finalmente cabe se\u00f1alar que la vacunaci\u00f3n se realiza en las cl\u00ednicas del ISSSTE en los municipios de Xalapa, Tuxpan, Orizaba y Coatzacoalos.<\/p>\n","protected":false},"excerpt":{"rendered":"<p>Dar\u00edo Pale Xalapa, Ver.- El director de la cl\u00ednica del ISSSTE-Xalapa Juan Carlos Ch\u00e1vez Quiroz dio a conocer que el d\u00eda de hoy dio inicio la jornada de vacunaci\u00f3n contra el coronavirus a menores, se vacunar\u00e1n a 130 de 12 a 17 a\u00f1os que tengan alguna comorbilidad y madres adolescentes. Entrevistado en las instalaciones de [&hellip;]<\/p>\n","protected":false},"author":1,"featured_media":19794,"comment_status":"open","ping_status":"open","sticky":false,"template":"","format":"standard","meta":{"_jetpack_memberships_contains_paid_content":false,"footnotes":""},"categories":[9],"tags":[],"class_list":["post-19793","post","type-post","status-publish","format-standard","has-post-thumbnail","hentry","category-salud"],"jetpack_featured_media_url":"https:\/\/encuentroinformativo.com.mx\/wp-content\/uploads\/2021\/10\/5A6C3791-23F0-4719-A21D-A2491FE26E9B.jpeg","jetpack_sharing_enabled":true,"jetpack_likes_enabled":true,"amp_enabled":true,"_links":{"self":[{"href":"https:\/\/encuentroinformativo.com.mx\/index.php?rest_route=\/wp\/v2\/posts\/19793","targetHints":{"allow":["GET"]}}],"collection":[{"href":"https:\/\/encuentroinformativo.com.mx\/index.php?rest_route=\/wp\/v2\/posts"}],"about":[{"href":"https:\/\/encuentroinformativo.com.mx\/index.php?rest_route=\/wp\/v2\/types\/post"}],"author":[{"embeddable":true,"href":"https:\/\/encuentroinformativo.com.mx\/index.php?rest_route=\/wp\/v2\/users\/1"}],"replies":[{"embeddable":true,"href":"https:\/\/encuentroinformativo.com.mx\/index.php?rest_route=%2Fwp%2Fv2%2Fcomments&post=19793"}],"version-history":[{"count":1,"href":"https:\/\/encuentroinformativo.com.mx\/index.php?rest_route=\/wp\/v2\/posts\/19793\/revisions"}],"predecessor-version":[{"id":19795,"href":"https:\/\/encuentroinformativo.com.mx\/index.php?rest_route=\/wp\/v2\/posts\/19793\/revisions\/19795"}],"wp:featuredmedia":[{"embeddable":true,"href":"https:\/\/encuentroinformativo.com.mx\/index.php?rest_route=\/wp\/v2\/media\/19794"}],"wp:attachment":[{"href":"https:\/\/encuentroinformativo.com.mx\/index.php?rest_route=%2Fwp%2Fv2%2Fmedia&parent=19793"}],"wp:term":[{"taxonomy":"category","embeddable":true,"href":"https:\/\/encuentroinformativo.com.mx\/index.php?rest_route=%2Fwp%2Fv2%2Fcategories&post=19793"},{"taxonomy":"post_tag","embeddable":true,"href":"https:\/\/encuentroinformativo.com.mx\/index.php?rest_route=%2Fwp%2Fv2%2Ftags&post=19793"}],"curies":[{"name":"wp","href":"https:\/\/api.w.org\/{rel}","templated":true}]}}