{"id":19796,"date":"2021-10-27T15:12:22","date_gmt":"2021-10-27T20:12:22","guid":{"rendered":"https:\/\/encuentroinformativo.com.mx\/?p=19796"},"modified":"2021-10-27T15:12:25","modified_gmt":"2021-10-27T20:12:25","slug":"ambientalistas-convocan-a-protestas-en-tlapacoyan","status":"publish","type":"post","link":"https:\/\/encuentroinformativo.com.mx\/?p=19796","title":{"rendered":"Ambientalistas convocan a protestas en Tlapacoyan"},"content":{"rendered":"\n<p><strong>Juan Arcos<\/strong> <\/p>\n\n\n\n<p>Xalapa, Ver.- Ambientalistas de Veracruz invitan a la poblaci\u00f3n a sumarse a una protesta y concentraci\u00f3n en el municipio de Tlapacoyan, en rechazo a los \u201cproyectos de muerte\u201d que atentan contra el territorio.<\/p>\n\n\n\n<p>De acuerdo con Guillermo Rodr\u00edguez Curiel, integrante de La Asamblea de Iniciativas y Defensa Ambiental (Lavida), el evento tendr\u00e1 lugar en el Auditorio Municipal, el pr\u00f3ximo 20 de noviembre, a partir de las diez de la ma\u00f1ana.<\/p>\n\n\n\n<p>El activista destac\u00f3 la importancia de planear acciones para defender el entorno ecol\u00f3gico de los megraproyectos que contin\u00faan vigentes en la entidad.<\/p>\n\n\n\n<p>Se\u00f1al\u00f3 que son notorios los efectos por el calentamiento global y la depredaci\u00f3n ambiental, problemas que da\u00f1an severamente a los ecosistemas.<\/p>\n\n\n\n<p>\u201cLos ambientalistas de Veracruz nos hemos organizado para convocar el 20 de noviembre en el auditorio municipal de Tlapacoyan a un reencuentro para definir estrategias, intercambiar experiencias y sobre todo definir el rumbo para defender el entorno sagrado veracruzano que est\u00e1 amenazado por los megaproyectos\u201d.<\/p>\n\n\n\n<p>Cabe recordar que los activistas han reanudado sus concentraciones en defensa de los pueblos ante diversos proyectos hidroel\u00e9ctricos, de miner\u00eda a cielo abierto y otros que representan una amenaza para el medio ambiente.<\/p>\n\n\n\n<p>\u201cEst\u00e1 la atravesando uno de esos momentos, agravado con los peligros que acarrea la pandemia, la crisis clim\u00e1tica por el calentamiento global, la depredaci\u00f3n ambiental, el desempleo, la crisis econ\u00f3mica, las deudas externas, migraciones masivas, desplazamientos forzados, la delincuencia organizada, la violencia incontenible\u201d, enfatiz\u00f3 Rodr\u00edguez Curiel.<\/p>\n","protected":false},"excerpt":{"rendered":"<p>Juan Arcos Xalapa, Ver.- Ambientalistas de Veracruz invitan a la poblaci\u00f3n a sumarse a una protesta y concentraci\u00f3n en el municipio de Tlapacoyan, en rechazo a los \u201cproyectos de muerte\u201d que atentan contra el territorio. De acuerdo con Guillermo Rodr\u00edguez Curiel, integrante de La Asamblea de Iniciativas y Defensa Ambiental (Lavida), el evento tendr\u00e1 lugar [&hellip;]<\/p>\n","protected":false},"author":1,"featured_media":19797,"comment_status":"open","ping_status":"open","sticky":false,"template":"","format":"standard","meta":{"_jetpack_memberships_contains_paid_content":false,"footnotes":""},"categories":[2],"tags":[],"class_list":["post-19796","post","type-post","status-publish","format-standard","has-post-thumbnail","hentry","category-estado"],"jetpack_featured_media_url":"https:\/\/encuentroinformativo.com.mx\/wp-content\/uploads\/2021\/10\/144B89DC-B44E-48BC-B70F-3275DFDD8AE7.jpeg","jetpack_sharing_enabled":true,"jetpack_likes_enabled":true,"amp_enabled":true,"_links":{"self":[{"href":"https:\/\/encuentroinformativo.com.mx\/index.php?rest_route=\/wp\/v2\/posts\/19796","targetHints":{"allow":["GET"]}}],"collection":[{"href":"https:\/\/encuentroinformativo.com.mx\/index.php?rest_route=\/wp\/v2\/posts"}],"about":[{"href":"https:\/\/encuentroinformativo.com.mx\/index.php?rest_route=\/wp\/v2\/types\/post"}],"author":[{"embeddable":true,"href":"https:\/\/encuentroinformativo.com.mx\/index.php?rest_route=\/wp\/v2\/users\/1"}],"replies":[{"embeddable":true,"href":"https:\/\/encuentroinformativo.com.mx\/index.php?rest_route=%2Fwp%2Fv2%2Fcomments&post=19796"}],"version-history":[{"count":1,"href":"https:\/\/encuentroinformativo.com.mx\/index.php?rest_route=\/wp\/v2\/posts\/19796\/revisions"}],"predecessor-version":[{"id":19798,"href":"https:\/\/encuentroinformativo.com.mx\/index.php?rest_route=\/wp\/v2\/posts\/19796\/revisions\/19798"}],"wp:featuredmedia":[{"embeddable":true,"href":"https:\/\/encuentroinformativo.com.mx\/index.php?rest_route=\/wp\/v2\/media\/19797"}],"wp:attachment":[{"href":"https:\/\/encuentroinformativo.com.mx\/index.php?rest_route=%2Fwp%2Fv2%2Fmedia&parent=19796"}],"wp:term":[{"taxonomy":"category","embeddable":true,"href":"https:\/\/encuentroinformativo.com.mx\/index.php?rest_route=%2Fwp%2Fv2%2Fcategories&post=19796"},{"taxonomy":"post_tag","embeddable":true,"href":"https:\/\/encuentroinformativo.com.mx\/index.php?rest_route=%2Fwp%2Fv2%2Ftags&post=19796"}],"curies":[{"name":"wp","href":"https:\/\/api.w.org\/{rel}","templated":true}]}}