{"id":19808,"date":"2021-10-28T10:55:40","date_gmt":"2021-10-28T15:55:40","guid":{"rendered":"https:\/\/encuentroinformativo.com.mx\/?p=19808"},"modified":"2021-10-28T10:55:44","modified_gmt":"2021-10-28T15:55:44","slug":"reclama-diputada-justicia-por-feminicidios-en-veracruz","status":"publish","type":"post","link":"https:\/\/encuentroinformativo.com.mx\/?p=19808","title":{"rendered":"Reclama diputada justicia por feminicidios en Veracruz"},"content":{"rendered":"\n<p><strong>Alejandro \u00c1vila<\/strong><\/p>\n\n\n\n<p>Veracruz, Ver.- La diputada local panista, Janet Y\u00e9pez Lara recrimin\u00f3 que ante la ola de violencia que hay en Veracruz con m\u00e1s de mil 400 homicidios en lo que va del 2021, la Fiscal\u00eda General del Estado (FGE) ha hecho un p\u00e9simo trabajo en tratar de esclarecer y otorgar justicia a los 55 feminicidios perpetrados en la entidad, de enero a septiembre, con lo cual se fomenta la impunidad en la violencia de g\u00e9nero.<\/p>\n\n\n\n<p>Expuso que como Legisladora y como mujer, le preocupa y ocupa esta violencia sistematizada; ya que se evidenc\u00eda el p\u00e9simo trabajo del Gobierno del Estado y de la Fiscal\u00eda para erradicar la violencia de g\u00e9nero.<\/p>\n\n\n\n<p>La muestra est\u00e1 en el n\u00famero creciente de feminicidios, ya que Veracruz siempre va en primer o segundo lugar del pa\u00eds, de entidades donde m\u00e1s asesinatos con perspectiva de g\u00e9nero ocurren.<\/p>\n\n\n\n<p>&#8220;La ola de feminicidios en Veracruz va a la alza, con 230 feminicidios en casi 3 a\u00f1os de Gobierno, de los cuales, 55 van de enero a septiembre del 2021, cifras sacadas por el Sistema Nacional de Seguridad P\u00fablica. Por lo cual exhortamos encarecidamente a la Fiscal\u00eda, que resultados a la sociedad, de cuantos feminicidas est\u00e1n en prisi\u00f3n y cuantos casos han sido resueltos&#8221;, sentenci\u00f3.<\/p>\n\n\n\n<p>Y\u00e9pez Lara se\u00f1al\u00f3 que tras una revisi\u00f3n exhaustiva al Sistema Nacional de Seguridad P\u00fablica preocupa que por ejemplo en Veracruz ocurrieron ocho feminicidios en agosto, pero tambi\u00e9n en mayo, mientras otras entidades del pa\u00eds, acumulan esa misma cantidad, pero en todo lo que va del 2021.<\/p>\n\n\n\n<p>La diputada panista, Y\u00e9pez Lara exhort\u00f3 a la Fiscal, Ver\u00f3nica Hern\u00e1ndez y a sus fiscales regionales a \u201chacer su trabajo\u201d, a que le d\u00e9 una explicaci\u00f3n a la sociedad y a las mujeres veracruzanas sobre, \u00bfcuantos de esos 230 feminicidas ya est\u00e1n en prisi\u00f3n?, \u00bfcu\u00e1ntos ya obtuvieron sentencia?.<\/p>\n","protected":false},"excerpt":{"rendered":"<p>Alejandro \u00c1vila Veracruz, Ver.- La diputada local panista, Janet Y\u00e9pez Lara recrimin\u00f3 que ante la ola de violencia que hay en Veracruz con m\u00e1s de mil 400 homicidios en lo que va del 2021, la Fiscal\u00eda General del Estado (FGE) ha hecho un p\u00e9simo trabajo en tratar de esclarecer y otorgar justicia a los 55 [&hellip;]<\/p>\n","protected":false},"author":1,"featured_media":19809,"comment_status":"open","ping_status":"open","sticky":false,"template":"","format":"standard","meta":{"_jetpack_memberships_contains_paid_content":false,"footnotes":""},"categories":[2],"tags":[],"class_list":["post-19808","post","type-post","status-publish","format-standard","has-post-thumbnail","hentry","category-estado"],"jetpack_featured_media_url":"https:\/\/encuentroinformativo.com.mx\/wp-content\/uploads\/2021\/10\/DF37C958-A6B3-413F-9D92-44DB5A068EFC.jpeg","jetpack_sharing_enabled":true,"jetpack_likes_enabled":true,"amp_enabled":true,"_links":{"self":[{"href":"https:\/\/encuentroinformativo.com.mx\/index.php?rest_route=\/wp\/v2\/posts\/19808","targetHints":{"allow":["GET"]}}],"collection":[{"href":"https:\/\/encuentroinformativo.com.mx\/index.php?rest_route=\/wp\/v2\/posts"}],"about":[{"href":"https:\/\/encuentroinformativo.com.mx\/index.php?rest_route=\/wp\/v2\/types\/post"}],"author":[{"embeddable":true,"href":"https:\/\/encuentroinformativo.com.mx\/index.php?rest_route=\/wp\/v2\/users\/1"}],"replies":[{"embeddable":true,"href":"https:\/\/encuentroinformativo.com.mx\/index.php?rest_route=%2Fwp%2Fv2%2Fcomments&post=19808"}],"version-history":[{"count":1,"href":"https:\/\/encuentroinformativo.com.mx\/index.php?rest_route=\/wp\/v2\/posts\/19808\/revisions"}],"predecessor-version":[{"id":19810,"href":"https:\/\/encuentroinformativo.com.mx\/index.php?rest_route=\/wp\/v2\/posts\/19808\/revisions\/19810"}],"wp:featuredmedia":[{"embeddable":true,"href":"https:\/\/encuentroinformativo.com.mx\/index.php?rest_route=\/wp\/v2\/media\/19809"}],"wp:attachment":[{"href":"https:\/\/encuentroinformativo.com.mx\/index.php?rest_route=%2Fwp%2Fv2%2Fmedia&parent=19808"}],"wp:term":[{"taxonomy":"category","embeddable":true,"href":"https:\/\/encuentroinformativo.com.mx\/index.php?rest_route=%2Fwp%2Fv2%2Fcategories&post=19808"},{"taxonomy":"post_tag","embeddable":true,"href":"https:\/\/encuentroinformativo.com.mx\/index.php?rest_route=%2Fwp%2Fv2%2Ftags&post=19808"}],"curies":[{"name":"wp","href":"https:\/\/api.w.org\/{rel}","templated":true}]}}