{"id":19816,"date":"2021-10-28T12:41:34","date_gmt":"2021-10-28T17:41:34","guid":{"rendered":"https:\/\/encuentroinformativo.com.mx\/?p=19816"},"modified":"2021-10-28T12:41:38","modified_gmt":"2021-10-28T17:41:38","slug":"por-intento-de-robo-vandalizan-escuela-en-veracruz-puerto","status":"publish","type":"post","link":"https:\/\/encuentroinformativo.com.mx\/?p=19816","title":{"rendered":"Por intento de robo, vandalizan escuela en Veracruz puerto"},"content":{"rendered":"\n<p><strong>Alejandro \u00c1vila<\/strong><\/p>\n\n\n\n<p>Veracruz, Ver. \u2013 La madrugada de este jueves, el port\u00f3n de la primaria \u201cMariana Rodr\u00edguez del Toro de Lazar\u00edn\u201d fue violentado nuevamente por ladrones quienes en esta ocasi\u00f3n solo vandalizaron las instalaciones al no poder robarse nada del inmueble que sufre su tercera afectaci\u00f3n en menos de un a\u00f1o.<\/p>\n\n\n\n<p>Rosalba Hern\u00e1ndez Garc\u00eda, presidenta del Consejo Escolar de Participaci\u00f3n Social (CEPS), explic\u00f3 que la primera ocasi\u00f3n les fueron robadas solamente las bocinas; posteriormente, llegaron a destrozar el centro de carga, lo cual dej\u00f3 sin efecto a las c\u00e1maras de vigilancia y el cercado el\u00e9ctrico; al quedarse sin luz, los ladrones pudieron robar el cableado de cobre, tuber\u00eda y bomba de agua y la campana.<\/p>\n\n\n\n<p>Tras el segundo robo y ante la falta de clases presenciales por pandemia, los padres de familia decidieron resguardar el equipo de c\u00f3mputo, aires acondicionados y otras cosas de valor.<\/p>\n\n\n\n<p>\u201cAfortunadamente ahorita ya no pudieron causarnos m\u00e1s da\u00f1o, porque tomamos en resguardo como dije, los equipos de c\u00f3mputo, los climas, y bueno, pues en esta ocasi\u00f3n solo fue el que abrieron el port\u00f3n y pues no pudieron llevarse nada. Por parte de las autoridades, nosotros no hemos tenido un apoyo hasta el momento, se est\u00e1n gestionado por ah\u00ed, porque se est\u00e1n haciendo las denuncias, las demandas, etc\u00e9tera, y se est\u00e1 presentando la documentaci\u00f3n por parte de un seguro que existe, en donde nos van a apoyar, pero todav\u00eda no tenemos respuesta ni ha quedado esa documentaci\u00f3n\u201d, relat\u00f3.<\/p>\n\n\n\n<p>La madre de familia, reclam\u00f3 la serie de tr\u00e1mites engorrosos que deben hacer para lograr ser tomados en cuenta ante la situaci\u00f3n que est\u00e1n viviendo y que perjudica a sus hijos en el tema acad\u00e9mico.<\/p>\n\n\n\n<p>\u201cA la fecha no tenemos esa respuesta por parte de la autoridad para que voltee a ver la escuela, yo supongo, no puedo hablar por las dem\u00e1s, pero la nuestra est\u00e1 en ese abandono, digamos. Y muy a pesar de que en una reuni\u00f3n que mencion\u00f3 el secretario (de Educaci\u00f3n), de que los padres no nos preocupamos por la escuela, pues nosotros s\u00ed somos unos padres preocupados, las autoridades, los maestros, estamos involucrados en el resguardo de nuestra escuela, pero ahora s\u00ed que estamos rebasados por los amantes de lo ajeno\u201d, reclam\u00f3.<\/p>\n","protected":false},"excerpt":{"rendered":"<p>Alejandro \u00c1vila Veracruz, Ver. \u2013 La madrugada de este jueves, el port\u00f3n de la primaria \u201cMariana Rodr\u00edguez del Toro de Lazar\u00edn\u201d fue violentado nuevamente por ladrones quienes en esta ocasi\u00f3n solo vandalizaron las instalaciones al no poder robarse nada del inmueble que sufre su tercera afectaci\u00f3n en menos de un a\u00f1o. Rosalba Hern\u00e1ndez Garc\u00eda, presidenta [&hellip;]<\/p>\n","protected":false},"author":1,"featured_media":19817,"comment_status":"open","ping_status":"open","sticky":false,"template":"","format":"standard","meta":{"_jetpack_memberships_contains_paid_content":false,"footnotes":""},"categories":[2],"tags":[],"class_list":["post-19816","post","type-post","status-publish","format-standard","has-post-thumbnail","hentry","category-estado"],"jetpack_featured_media_url":"https:\/\/encuentroinformativo.com.mx\/wp-content\/uploads\/2021\/10\/BE4CB068-29BB-4D1D-AA49-27BC864FAF44.jpeg","jetpack_sharing_enabled":true,"jetpack_likes_enabled":true,"amp_enabled":true,"_links":{"self":[{"href":"https:\/\/encuentroinformativo.com.mx\/index.php?rest_route=\/wp\/v2\/posts\/19816","targetHints":{"allow":["GET"]}}],"collection":[{"href":"https:\/\/encuentroinformativo.com.mx\/index.php?rest_route=\/wp\/v2\/posts"}],"about":[{"href":"https:\/\/encuentroinformativo.com.mx\/index.php?rest_route=\/wp\/v2\/types\/post"}],"author":[{"embeddable":true,"href":"https:\/\/encuentroinformativo.com.mx\/index.php?rest_route=\/wp\/v2\/users\/1"}],"replies":[{"embeddable":true,"href":"https:\/\/encuentroinformativo.com.mx\/index.php?rest_route=%2Fwp%2Fv2%2Fcomments&post=19816"}],"version-history":[{"count":1,"href":"https:\/\/encuentroinformativo.com.mx\/index.php?rest_route=\/wp\/v2\/posts\/19816\/revisions"}],"predecessor-version":[{"id":19818,"href":"https:\/\/encuentroinformativo.com.mx\/index.php?rest_route=\/wp\/v2\/posts\/19816\/revisions\/19818"}],"wp:featuredmedia":[{"embeddable":true,"href":"https:\/\/encuentroinformativo.com.mx\/index.php?rest_route=\/wp\/v2\/media\/19817"}],"wp:attachment":[{"href":"https:\/\/encuentroinformativo.com.mx\/index.php?rest_route=%2Fwp%2Fv2%2Fmedia&parent=19816"}],"wp:term":[{"taxonomy":"category","embeddable":true,"href":"https:\/\/encuentroinformativo.com.mx\/index.php?rest_route=%2Fwp%2Fv2%2Fcategories&post=19816"},{"taxonomy":"post_tag","embeddable":true,"href":"https:\/\/encuentroinformativo.com.mx\/index.php?rest_route=%2Fwp%2Fv2%2Ftags&post=19816"}],"curies":[{"name":"wp","href":"https:\/\/api.w.org\/{rel}","templated":true}]}}