{"id":19822,"date":"2021-10-28T13:46:41","date_gmt":"2021-10-28T18:46:41","guid":{"rendered":"https:\/\/encuentroinformativo.com.mx\/?p=19822"},"modified":"2021-10-28T13:46:44","modified_gmt":"2021-10-28T18:46:44","slug":"mantendran-abierto-panteon-de-coatepec","status":"publish","type":"post","link":"https:\/\/encuentroinformativo.com.mx\/?p=19822","title":{"rendered":"Mantendr\u00e1n abierto pante\u00f3n de Coatepec"},"content":{"rendered":"\n<p><strong>Juan Arcos<\/strong><\/p>\n\n\n\n<p>Coatepec, Ver.- El pante\u00f3n municipal de Coatepec permanecer\u00e1 abierto durante los festejos del D\u00eda de Muertos, pero ser\u00e1 controlado el aforo para evitar aglomeraciones y contagios de SARS-COV-2 (COVID-19).<\/p>\n\n\n\n<p>El encargado del cementerio, Eugenio Mart\u00ednez Ledo, indic\u00f3 que solo se permitir\u00e1 a cada familia estar un tiempo de 15 minutos al interior del recinto.<\/p>\n\n\n\n<p>Adem\u00e1s, se exhortar\u00e1 a la gente para que use cubrebocas al ingresar y se aplique gel antibacterial.<\/p>\n\n\n\n<p>\u201cSe les est\u00e1 pidiendo que entren con cubrebocas, que no tarden mucho adentro, eso es lo que se est\u00e1 haciendo. No se permite a familias numerosas\u201d, expres\u00f3 el administrador.<\/p>\n\n\n\n<p>El entrevistado mencion\u00f3 que desde esta semana han comenzado a recibir visitantes en el sitio, donde el horario permitido por pandemia ha sido de diez de la ma\u00f1ana a tres de la tarde.<\/p>\n\n\n\n<p>A su juicio, la gente se ha adelantado para visitar a sus difuntos y as\u00ed evitar los d\u00edas de mayor afluencia en el cementerio, sobre todo durante el 1 y 2 de noviembre.<\/p>\n\n\n\n<p>\u201cYa est\u00e1 llegando mucha gente a la visita, adelant\u00e1ndose a los d\u00edas previos para evitar los d\u00edas de aglomeraci\u00f3n\u201d.<\/p>\n\n\n\n<p>Sin embargo, la ma\u00f1ana de este jueves, autoridades municipales determinaron que del 30 de octubre al pr\u00f3ximo 2 de noviembre, el pante\u00f3n permanecer\u00e1 abierto de ocho de la ma\u00f1ana a seis de la tarde.<\/p>\n\n\n\n<p>Mart\u00ednez Ledo reconoci\u00f3 que los trabajos de mantenimiento han sido complicados, debido a la pandemia del coronavirus; sin embargo, se ha realizado faena y, hasta el momento, hay condiciones para recibir a los visitantes.<\/p>\n\n\n\n<p>El pante\u00f3n se encuentra sobre la calle Cuauht\u00e9moc, en la colonia Loma del Suchill, y en la entrada principal se observa una cartulina donde se informan a la poblaci\u00f3n los horarios de visita.<\/p>\n","protected":false},"excerpt":{"rendered":"<p>Juan Arcos Coatepec, Ver.- El pante\u00f3n municipal de Coatepec permanecer\u00e1 abierto durante los festejos del D\u00eda de Muertos, pero ser\u00e1 controlado el aforo para evitar aglomeraciones y contagios de SARS-COV-2 (COVID-19). El encargado del cementerio, Eugenio Mart\u00ednez Ledo, indic\u00f3 que solo se permitir\u00e1 a cada familia estar un tiempo de 15 minutos al interior del [&hellip;]<\/p>\n","protected":false},"author":1,"featured_media":19823,"comment_status":"open","ping_status":"open","sticky":false,"template":"","format":"standard","meta":{"_jetpack_memberships_contains_paid_content":false,"footnotes":""},"categories":[8],"tags":[],"class_list":["post-19822","post","type-post","status-publish","format-standard","has-post-thumbnail","hentry","category-region"],"jetpack_featured_media_url":"https:\/\/encuentroinformativo.com.mx\/wp-content\/uploads\/2021\/10\/51C860F5-D196-430E-90AE-1A59F721A5DA.jpeg","jetpack_sharing_enabled":true,"jetpack_likes_enabled":true,"amp_enabled":true,"_links":{"self":[{"href":"https:\/\/encuentroinformativo.com.mx\/index.php?rest_route=\/wp\/v2\/posts\/19822","targetHints":{"allow":["GET"]}}],"collection":[{"href":"https:\/\/encuentroinformativo.com.mx\/index.php?rest_route=\/wp\/v2\/posts"}],"about":[{"href":"https:\/\/encuentroinformativo.com.mx\/index.php?rest_route=\/wp\/v2\/types\/post"}],"author":[{"embeddable":true,"href":"https:\/\/encuentroinformativo.com.mx\/index.php?rest_route=\/wp\/v2\/users\/1"}],"replies":[{"embeddable":true,"href":"https:\/\/encuentroinformativo.com.mx\/index.php?rest_route=%2Fwp%2Fv2%2Fcomments&post=19822"}],"version-history":[{"count":1,"href":"https:\/\/encuentroinformativo.com.mx\/index.php?rest_route=\/wp\/v2\/posts\/19822\/revisions"}],"predecessor-version":[{"id":19824,"href":"https:\/\/encuentroinformativo.com.mx\/index.php?rest_route=\/wp\/v2\/posts\/19822\/revisions\/19824"}],"wp:featuredmedia":[{"embeddable":true,"href":"https:\/\/encuentroinformativo.com.mx\/index.php?rest_route=\/wp\/v2\/media\/19823"}],"wp:attachment":[{"href":"https:\/\/encuentroinformativo.com.mx\/index.php?rest_route=%2Fwp%2Fv2%2Fmedia&parent=19822"}],"wp:term":[{"taxonomy":"category","embeddable":true,"href":"https:\/\/encuentroinformativo.com.mx\/index.php?rest_route=%2Fwp%2Fv2%2Fcategories&post=19822"},{"taxonomy":"post_tag","embeddable":true,"href":"https:\/\/encuentroinformativo.com.mx\/index.php?rest_route=%2Fwp%2Fv2%2Ftags&post=19822"}],"curies":[{"name":"wp","href":"https:\/\/api.w.org\/{rel}","templated":true}]}}