{"id":19825,"date":"2021-10-28T13:57:14","date_gmt":"2021-10-28T18:57:14","guid":{"rendered":"https:\/\/encuentroinformativo.com.mx\/?p=19825"},"modified":"2021-10-28T13:57:18","modified_gmt":"2021-10-28T18:57:18","slug":"se-registro-enfrentamiento-en-jornada-de-vacunacion","status":"publish","type":"post","link":"https:\/\/encuentroinformativo.com.mx\/?p=19825","title":{"rendered":"Se registr\u00f3 enfrentamiento en jornada de vacunaci\u00f3n"},"content":{"rendered":"\n<p><strong>Alejandro \u00c1vila<\/strong><\/p>\n\n\n\n<p>Veracruz, Ver.- En el segundo d\u00eda de vacunaci\u00f3n de ni\u00f1os con comorbilidad en el Hospital de Alta Especialidad de Veracruz (HAEV) se registr\u00f3 un alboroto por parte de algunos padres de familia quienes se quejaron de la negativa para vacunar a sus menores.<\/p>\n\n\n\n<p>El personal dispuesto para llevar a cabo la sumistrar las dosis y un equipo de colaboradores, manifestaron que existen prioridades y realizaron un listado de personas a las cuales se les hablaria en pr\u00f3ximos d\u00edas para acudir a su vacunaci\u00f3n.<\/p>\n\n\n\n<p>&#8220;Est\u00e1 registrada en el sistema de Mi Vacuna (\u2026) lo que pasa es que dijeron que nos anotaramos en una lista, y esa lista posteriormente nos vayan a llamar de acuerdo a como ellos vayan\u2026me imagino que primero le van a dar prioridad a los ni\u00f1os especiales, a los de autismo, a los ni\u00f1os con sindrome de down, y ya despu\u00e9s van a citarnos de acuerdo a como vayan ellas programadas&#8221;, mencion\u00f3 la se\u00f1ora Anah\u00ed Portilla.<\/p>\n\n\n\n<p>Mencion\u00f3 que seg\u00fan lo informado, ser\u00e1 a partir del pr\u00f3ximo miercoles 3 de noviembre comenzar\u00e1n a vacunar a la segunda etapa, o ni\u00f1os con menor riesgo.<\/p>\n\n\n\n<p>&#8220;Hay que respetar eso, lo importante es que ya est\u00e1 en una lista mi hija y que s\u00ed la van a vacunar&#8221;, subray\u00f3.<\/p>\n\n\n\n<p>Este mi\u00e9rcoles, en el primer d\u00eda de vacunaci\u00f3n, madres de ni\u00f1os con c\u00e1ncer denunciaron que otros padres de familia inventaron enfermedades para poder vacunar a sus hijos, pues cuando les preguntaban que padecimiento ten\u00edan, divagaban al contestar o incluso cambiaban la enfermedad cada vez que alguien les preguntaba.<\/p>\n","protected":false},"excerpt":{"rendered":"<p>Alejandro \u00c1vila Veracruz, Ver.- En el segundo d\u00eda de vacunaci\u00f3n de ni\u00f1os con comorbilidad en el Hospital de Alta Especialidad de Veracruz (HAEV) se registr\u00f3 un alboroto por parte de algunos padres de familia quienes se quejaron de la negativa para vacunar a sus menores. El personal dispuesto para llevar a cabo la sumistrar las [&hellip;]<\/p>\n","protected":false},"author":1,"featured_media":19826,"comment_status":"open","ping_status":"open","sticky":false,"template":"","format":"standard","meta":{"_jetpack_memberships_contains_paid_content":false,"footnotes":""},"categories":[2],"tags":[],"class_list":["post-19825","post","type-post","status-publish","format-standard","has-post-thumbnail","hentry","category-estado"],"jetpack_featured_media_url":"https:\/\/encuentroinformativo.com.mx\/wp-content\/uploads\/2021\/10\/2BC082F9-FB91-48B9-8153-66D0BD9739C7.jpeg","jetpack_sharing_enabled":true,"jetpack_likes_enabled":true,"amp_enabled":true,"_links":{"self":[{"href":"https:\/\/encuentroinformativo.com.mx\/index.php?rest_route=\/wp\/v2\/posts\/19825","targetHints":{"allow":["GET"]}}],"collection":[{"href":"https:\/\/encuentroinformativo.com.mx\/index.php?rest_route=\/wp\/v2\/posts"}],"about":[{"href":"https:\/\/encuentroinformativo.com.mx\/index.php?rest_route=\/wp\/v2\/types\/post"}],"author":[{"embeddable":true,"href":"https:\/\/encuentroinformativo.com.mx\/index.php?rest_route=\/wp\/v2\/users\/1"}],"replies":[{"embeddable":true,"href":"https:\/\/encuentroinformativo.com.mx\/index.php?rest_route=%2Fwp%2Fv2%2Fcomments&post=19825"}],"version-history":[{"count":1,"href":"https:\/\/encuentroinformativo.com.mx\/index.php?rest_route=\/wp\/v2\/posts\/19825\/revisions"}],"predecessor-version":[{"id":19827,"href":"https:\/\/encuentroinformativo.com.mx\/index.php?rest_route=\/wp\/v2\/posts\/19825\/revisions\/19827"}],"wp:featuredmedia":[{"embeddable":true,"href":"https:\/\/encuentroinformativo.com.mx\/index.php?rest_route=\/wp\/v2\/media\/19826"}],"wp:attachment":[{"href":"https:\/\/encuentroinformativo.com.mx\/index.php?rest_route=%2Fwp%2Fv2%2Fmedia&parent=19825"}],"wp:term":[{"taxonomy":"category","embeddable":true,"href":"https:\/\/encuentroinformativo.com.mx\/index.php?rest_route=%2Fwp%2Fv2%2Fcategories&post=19825"},{"taxonomy":"post_tag","embeddable":true,"href":"https:\/\/encuentroinformativo.com.mx\/index.php?rest_route=%2Fwp%2Fv2%2Ftags&post=19825"}],"curies":[{"name":"wp","href":"https:\/\/api.w.org\/{rel}","templated":true}]}}