{"id":19830,"date":"2021-10-28T15:47:43","date_gmt":"2021-10-28T20:47:43","guid":{"rendered":"https:\/\/encuentroinformativo.com.mx\/?p=19830"},"modified":"2021-10-28T15:47:46","modified_gmt":"2021-10-28T20:47:46","slug":"complicado-realizar-carnaval-2022-alcalde","status":"publish","type":"post","link":"https:\/\/encuentroinformativo.com.mx\/?p=19830","title":{"rendered":"Complicado realizar Carnaval 2022: Alcalde"},"content":{"rendered":"\n<p><strong>Alejandro \u00c1vila<\/strong><\/p>\n\n\n\n<p>Veracruz, Ver.- Al momento, no existe preparativo de alg\u00fan tipo para realizar el Carnaval de Veracruz 2022, por lo que se vislumbra sumamente complicado que se realice el siguiente a\u00f1o, mencion\u00f3 el alcalde Fernando Yunes M\u00e1rquez.<\/p>\n\n\n\n<p>El panista dijo que los tiempos se est\u00e1n pasando, pues desde julio se inician con los preparativos ya estas alturas ya deber\u00edan estar definidas varias acciones, adem\u00e1s de conocerse a los nuevos soberanos.<\/p>\n\n\n\n<p>&#8220;Ya se pasaron, las fechas normales es de agosto que es cuando salen las convocatorias, y en septiembre que ya se elige incluso, rey y reina&#8221;, mencion\u00f3.<\/p>\n\n\n\n<p>A pesar de que el gobernador Cuitl\u00e1huac Garc\u00eda Jim\u00e9nez ya hab\u00eda dicho semanas atr\u00e1s que en 2022 s\u00ed habr\u00eda Carnaval de Veracruz, Cumbre Taj\u00edn y Festival de la Salsa, todo con aportaci\u00f3n de Gobierno del Estado, tanto el presidente municipal, Fernando Yunes M\u00e1rquez, como el presidente del Comit\u00e9 de Carnaval, Luis Antonio P\u00e9rez Fraga, han descartado acercamiento alguno de parte de alguna secretar\u00eda estatal.<\/p>\n\n\n\n<p>Si bien prestadores de servicio tur\u00edstico, empresarios y sociedad civil se han manifestado a favor del Carnaval 2022, nadie en alg\u00fan gobierno, local o estatal, ha dado muestras serias de apoyo al mismo.<\/p>\n","protected":false},"excerpt":{"rendered":"<p>Alejandro \u00c1vila Veracruz, Ver.- Al momento, no existe preparativo de alg\u00fan tipo para realizar el Carnaval de Veracruz 2022, por lo que se vislumbra sumamente complicado que se realice el siguiente a\u00f1o, mencion\u00f3 el alcalde Fernando Yunes M\u00e1rquez. El panista dijo que los tiempos se est\u00e1n pasando, pues desde julio se inician con los preparativos [&hellip;]<\/p>\n","protected":false},"author":1,"featured_media":19829,"comment_status":"open","ping_status":"open","sticky":false,"template":"","format":"standard","meta":{"_jetpack_memberships_contains_paid_content":false,"footnotes":""},"categories":[2],"tags":[],"class_list":["post-19830","post","type-post","status-publish","format-standard","has-post-thumbnail","hentry","category-estado"],"jetpack_featured_media_url":"https:\/\/encuentroinformativo.com.mx\/wp-content\/uploads\/2021\/10\/715D9B29-850C-427B-B066-6F28DBBAEFFC.jpeg","jetpack_sharing_enabled":true,"jetpack_likes_enabled":true,"amp_enabled":true,"_links":{"self":[{"href":"https:\/\/encuentroinformativo.com.mx\/index.php?rest_route=\/wp\/v2\/posts\/19830","targetHints":{"allow":["GET"]}}],"collection":[{"href":"https:\/\/encuentroinformativo.com.mx\/index.php?rest_route=\/wp\/v2\/posts"}],"about":[{"href":"https:\/\/encuentroinformativo.com.mx\/index.php?rest_route=\/wp\/v2\/types\/post"}],"author":[{"embeddable":true,"href":"https:\/\/encuentroinformativo.com.mx\/index.php?rest_route=\/wp\/v2\/users\/1"}],"replies":[{"embeddable":true,"href":"https:\/\/encuentroinformativo.com.mx\/index.php?rest_route=%2Fwp%2Fv2%2Fcomments&post=19830"}],"version-history":[{"count":1,"href":"https:\/\/encuentroinformativo.com.mx\/index.php?rest_route=\/wp\/v2\/posts\/19830\/revisions"}],"predecessor-version":[{"id":19831,"href":"https:\/\/encuentroinformativo.com.mx\/index.php?rest_route=\/wp\/v2\/posts\/19830\/revisions\/19831"}],"wp:featuredmedia":[{"embeddable":true,"href":"https:\/\/encuentroinformativo.com.mx\/index.php?rest_route=\/wp\/v2\/media\/19829"}],"wp:attachment":[{"href":"https:\/\/encuentroinformativo.com.mx\/index.php?rest_route=%2Fwp%2Fv2%2Fmedia&parent=19830"}],"wp:term":[{"taxonomy":"category","embeddable":true,"href":"https:\/\/encuentroinformativo.com.mx\/index.php?rest_route=%2Fwp%2Fv2%2Fcategories&post=19830"},{"taxonomy":"post_tag","embeddable":true,"href":"https:\/\/encuentroinformativo.com.mx\/index.php?rest_route=%2Fwp%2Fv2%2Ftags&post=19830"}],"curies":[{"name":"wp","href":"https:\/\/api.w.org\/{rel}","templated":true}]}}