{"id":19832,"date":"2021-10-28T16:02:35","date_gmt":"2021-10-28T21:02:35","guid":{"rendered":"https:\/\/encuentroinformativo.com.mx\/?p=19832"},"modified":"2021-10-28T16:02:38","modified_gmt":"2021-10-28T21:02:38","slug":"mas-de-3-mil-internos-en-prision-justificada-abogado","status":"publish","type":"post","link":"https:\/\/encuentroinformativo.com.mx\/?p=19832","title":{"rendered":"M\u00e1s de 3 mil internos en prisi\u00f3n justificada: Abogado"},"content":{"rendered":"\n<p><strong>Dar\u00edo Pale<\/strong><\/p>\n\n\n\n<p>Xalapa, Ver.- Son m\u00e1s de 3 mil internos en penales de Veracruz que est\u00e1n en prisi\u00f3n justificada, pero podr\u00edan obtener libertad, as\u00ed lo di a conocer el abogado penalista, Tom\u00e1s Mundo Arriasa.<\/p>\n\n\n\n<p>Entrevistado en conocido caf\u00e9 del centro de Xalapa dio a conocer que, m\u00e1s de 3 mil personas procesadas, de las m\u00e1s de 6 mil 400 que hay en las prisiones de Veracruz, podr\u00edan obtener su libertad aunque hayan sido acusados con el viejo sistema penal, pero con las reglas del nuevo sistema penal acusatorio.<\/p>\n\n\n\n<p>\u201cTodos ellos est\u00e1n en prisi\u00f3n justificada, no en preventiva oficiosa, el problema es que son personas con escasos recursos&#8221;, se\u00f1al\u00f3.<\/p>\n\n\n\n<p>Dio a conocer que si bien la Corte declar\u00f3 inconstitucional la prisi\u00f3n preventiva oficiosa por los delitos de contrabando, venta de facturas falsas y defraudaci\u00f3n fiscal, la sentencia tiene un fundamento muy claro: la presunci\u00f3n de inocencia est\u00e1 en la Constituci\u00f3n, por lo que sus limitantes en materia de prisi\u00f3n preventiva s\u00f3lo pueden estar en la propia Constituci\u00f3n y no en leyes de rango inferior, como es el caso de la Ley de Seguridad Nacional y el C\u00f3digo Nacional de Procedimientos Penales.<\/p>\n\n\n\n<p>Asimismo, la prisi\u00f3n preventiva oficiosa viola tratados internacionales en materia de derechos humanos, lo cual podr\u00eda llevar a la conclusi\u00f3n de que incluso para aquellos delitos en que la Constituci\u00f3n prevea la prisi\u00f3n preventiva oficiosa, M\u00e9xico estar\u00eda violando derechos humanos.<\/p>\n\n\n\n<p>Esos delitos son abuso o violencia sexual contra menores; delincuencia organizada, homicidio doloso, feminicidio, violaci\u00f3n, secuestro, trata de personas, entre muchos otros.<\/p>\n\n\n\n<p>En ese sentido, el Abogado opin\u00f3 que no se le debe aplaudir a la Corte que haya tomado esa decisi\u00f3n, toda vez que los tratados internacionales definen que no se debe abusar de la prisi\u00f3n, cosa de la que nadie ha hecho caso.<\/p>\n\n\n\n<p>&#8220;Creo que es un imperativo internacional para dejar que los estados usen la prisi\u00f3n preventiva como un arma en contra de adversarios pol\u00edticos. Veracruz en este momento hay 3 mil personas procesadas de 6 mil 400 que hay en las prisiones veracruzanas que podr\u00edan obtener su libertad. El podr\u00e1 tendr\u00e1 que ser bajo las reglas procesales del C\u00f3digo Nacional de Procedimientos Penales&#8221;, acus\u00f3.<\/p>\n\n\n\n<p>Mundo Arriasa lament\u00f3 que ante las violaciones que han cometido los jueces, que han abusado de ese poder de dejar a la gente en prisi\u00f3n, los abogados defensores no presenten denuncias contra los polic\u00edas aprehensores, los jueces o los peritos.<\/p>\n\n\n\n<p>Finalmente dio a conocer que en su caso, present\u00f3 denuncia en contra de la presidenta del Tribunal Superior de Justicia, In\u00e9s Isabel Romero Cruz por haber despedido a un trabajador adulto mayor, con hipertensi\u00f3n y diabetes, para poder dejarle su lugar a una persona af\u00edn a la actual presidenta de la sala donde su defendido se desempe\u00f1aba.<\/p>\n","protected":false},"excerpt":{"rendered":"<p>Dar\u00edo Pale Xalapa, Ver.- Son m\u00e1s de 3 mil internos en penales de Veracruz que est\u00e1n en prisi\u00f3n justificada, pero podr\u00edan obtener libertad, as\u00ed lo di a conocer el abogado penalista, Tom\u00e1s Mundo Arriasa. Entrevistado en conocido caf\u00e9 del centro de Xalapa dio a conocer que, m\u00e1s de 3 mil personas procesadas, de las m\u00e1s [&hellip;]<\/p>\n","protected":false},"author":1,"featured_media":19833,"comment_status":"open","ping_status":"open","sticky":false,"template":"","format":"standard","meta":{"_jetpack_memberships_contains_paid_content":false,"footnotes":""},"categories":[2],"tags":[],"class_list":["post-19832","post","type-post","status-publish","format-standard","has-post-thumbnail","hentry","category-estado"],"jetpack_featured_media_url":"https:\/\/encuentroinformativo.com.mx\/wp-content\/uploads\/2021\/10\/21DC2941-BE18-4C3A-8933-192492BE4BF0.jpeg","jetpack_sharing_enabled":true,"jetpack_likes_enabled":true,"amp_enabled":true,"_links":{"self":[{"href":"https:\/\/encuentroinformativo.com.mx\/index.php?rest_route=\/wp\/v2\/posts\/19832","targetHints":{"allow":["GET"]}}],"collection":[{"href":"https:\/\/encuentroinformativo.com.mx\/index.php?rest_route=\/wp\/v2\/posts"}],"about":[{"href":"https:\/\/encuentroinformativo.com.mx\/index.php?rest_route=\/wp\/v2\/types\/post"}],"author":[{"embeddable":true,"href":"https:\/\/encuentroinformativo.com.mx\/index.php?rest_route=\/wp\/v2\/users\/1"}],"replies":[{"embeddable":true,"href":"https:\/\/encuentroinformativo.com.mx\/index.php?rest_route=%2Fwp%2Fv2%2Fcomments&post=19832"}],"version-history":[{"count":1,"href":"https:\/\/encuentroinformativo.com.mx\/index.php?rest_route=\/wp\/v2\/posts\/19832\/revisions"}],"predecessor-version":[{"id":19834,"href":"https:\/\/encuentroinformativo.com.mx\/index.php?rest_route=\/wp\/v2\/posts\/19832\/revisions\/19834"}],"wp:featuredmedia":[{"embeddable":true,"href":"https:\/\/encuentroinformativo.com.mx\/index.php?rest_route=\/wp\/v2\/media\/19833"}],"wp:attachment":[{"href":"https:\/\/encuentroinformativo.com.mx\/index.php?rest_route=%2Fwp%2Fv2%2Fmedia&parent=19832"}],"wp:term":[{"taxonomy":"category","embeddable":true,"href":"https:\/\/encuentroinformativo.com.mx\/index.php?rest_route=%2Fwp%2Fv2%2Fcategories&post=19832"},{"taxonomy":"post_tag","embeddable":true,"href":"https:\/\/encuentroinformativo.com.mx\/index.php?rest_route=%2Fwp%2Fv2%2Ftags&post=19832"}],"curies":[{"name":"wp","href":"https:\/\/api.w.org\/{rel}","templated":true}]}}