{"id":19836,"date":"2021-10-28T18:00:23","date_gmt":"2021-10-28T23:00:23","guid":{"rendered":"https:\/\/encuentroinformativo.com.mx\/?p=19836"},"modified":"2021-10-28T18:00:26","modified_gmt":"2021-10-28T23:00:26","slug":"por-semaforo-verde-activaran-espacios-publicos-cisneros","status":"publish","type":"post","link":"https:\/\/encuentroinformativo.com.mx\/?p=19836","title":{"rendered":"Por sem\u00e1foro verde, activar\u00e1n espacios p\u00fablicos: Cisneros"},"content":{"rendered":"\n<p><strong>Dar\u00edo Pale<\/strong><\/p>\n\n\n\n<p>Xalapa, Ver.- El secretario de gobierno Eric Cisneros Burgos dio a conocer que debido a que el sem\u00e1foro epidemiol\u00f3gico ya se encuentra en verde se van a activar los espacios p\u00fablicos parar poder reactivar la econom\u00eda y la convivencia familiar.<\/p>\n\n\n\n<p>Entrevistado durante un recorrido en la plaza Lerdo y el parque Ju\u00e1rez donde se est\u00e1n colocando los altares del d\u00eda de muertos, dio a conocer que es muy necesaria la convivencia familiar y es por ello que realizan eventos como el de ma\u00f1ana con los altares del da de muertos.<\/p>\n\n\n\n<p>El funcionario estatal confirm\u00f3 que se van a desplegar 3 mil elementos para \u00a0brindar seguridad a las y los asistentes de eventos as\u00ed como en cementerios de todo estado, &#8220;van a estar apoyando principalmente aquellos municipios \u00a0en donde se hacen actividades alusivas al d\u00eda de muertos&#8221;.<\/p>\n\n\n\n<p>Cisneros Burgos invit\u00f3 a las y los veracruzanos a participar en las festividades por el D\u00eda de Muertos que se realice en sus municipios, incluso dijo, pueden aprovechar el puente y trasladarse a otros espacios en donde las fiestas por Todos los Santos son m\u00e1s grandes.<\/p>\n\n\n\n<p>&#8220;Estamos visitando a los compa\u00f1eros que est\u00e1n preparando los altares (&#8230;) ma\u00f1ana va a ser la inauguraci\u00f3n con una caminata del Teatro caminando hacia Plaza Lerdo&#8221;, coment\u00f3.<\/p>\n\n\n\n<p>Finalmente dio a conocer que en Xalapa se tendr\u00e1 un desfile familiar, la muestra de altares de al menos 25 municipios as\u00ed como las catrinas que se instalaron en la plaza Sebasti\u00e1n Lerdo de Tejada.<\/p>\n","protected":false},"excerpt":{"rendered":"<p>Dar\u00edo Pale Xalapa, Ver.- El secretario de gobierno Eric Cisneros Burgos dio a conocer que debido a que el sem\u00e1foro epidemiol\u00f3gico ya se encuentra en verde se van a activar los espacios p\u00fablicos parar poder reactivar la econom\u00eda y la convivencia familiar. Entrevistado durante un recorrido en la plaza Lerdo y el parque Ju\u00e1rez donde [&hellip;]<\/p>\n","protected":false},"author":1,"featured_media":19837,"comment_status":"open","ping_status":"open","sticky":false,"template":"","format":"standard","meta":{"_jetpack_memberships_contains_paid_content":false,"footnotes":""},"categories":[2],"tags":[],"class_list":["post-19836","post","type-post","status-publish","format-standard","has-post-thumbnail","hentry","category-estado"],"jetpack_featured_media_url":"https:\/\/encuentroinformativo.com.mx\/wp-content\/uploads\/2021\/10\/7CE45B25-FA28-4A57-B4FB-FFC14502853A.jpeg","jetpack_sharing_enabled":true,"jetpack_likes_enabled":true,"amp_enabled":true,"_links":{"self":[{"href":"https:\/\/encuentroinformativo.com.mx\/index.php?rest_route=\/wp\/v2\/posts\/19836","targetHints":{"allow":["GET"]}}],"collection":[{"href":"https:\/\/encuentroinformativo.com.mx\/index.php?rest_route=\/wp\/v2\/posts"}],"about":[{"href":"https:\/\/encuentroinformativo.com.mx\/index.php?rest_route=\/wp\/v2\/types\/post"}],"author":[{"embeddable":true,"href":"https:\/\/encuentroinformativo.com.mx\/index.php?rest_route=\/wp\/v2\/users\/1"}],"replies":[{"embeddable":true,"href":"https:\/\/encuentroinformativo.com.mx\/index.php?rest_route=%2Fwp%2Fv2%2Fcomments&post=19836"}],"version-history":[{"count":1,"href":"https:\/\/encuentroinformativo.com.mx\/index.php?rest_route=\/wp\/v2\/posts\/19836\/revisions"}],"predecessor-version":[{"id":19838,"href":"https:\/\/encuentroinformativo.com.mx\/index.php?rest_route=\/wp\/v2\/posts\/19836\/revisions\/19838"}],"wp:featuredmedia":[{"embeddable":true,"href":"https:\/\/encuentroinformativo.com.mx\/index.php?rest_route=\/wp\/v2\/media\/19837"}],"wp:attachment":[{"href":"https:\/\/encuentroinformativo.com.mx\/index.php?rest_route=%2Fwp%2Fv2%2Fmedia&parent=19836"}],"wp:term":[{"taxonomy":"category","embeddable":true,"href":"https:\/\/encuentroinformativo.com.mx\/index.php?rest_route=%2Fwp%2Fv2%2Fcategories&post=19836"},{"taxonomy":"post_tag","embeddable":true,"href":"https:\/\/encuentroinformativo.com.mx\/index.php?rest_route=%2Fwp%2Fv2%2Ftags&post=19836"}],"curies":[{"name":"wp","href":"https:\/\/api.w.org\/{rel}","templated":true}]}}