{"id":19842,"date":"2021-10-28T14:24:23","date_gmt":"2021-10-28T19:24:23","guid":{"rendered":"https:\/\/encuentroinformativo.com.mx\/?p=19842"},"modified":"2021-10-29T09:30:03","modified_gmt":"2021-10-29T14:30:03","slug":"esperan-autoridades-arribo-de-caravana-migrante","status":"publish","type":"post","link":"https:\/\/encuentroinformativo.com.mx\/?p=19842","title":{"rendered":"Esperan autoridades arribo de caravana migrante"},"content":{"rendered":"\n<p><strong>Juan Arcos<\/strong><\/p>\n\n\n\n<p>Xalapa, Ver.- Una caravana de unos 3 mil migrantes centroamericanos podr\u00eda arribar al territorio veracruzano el pr\u00f3ximo lunes 1 de noviembre.<\/p>\n\n\n\n<p>El director de Atenci\u00f3n a Migrantes, Carlos Enrique Escalante Igual, revel\u00f3 que se trata de personas procedentes de Guatemala, Honduras, Nicaragua, El Salvador y Venezuela.<\/p>\n\n\n\n<p>\u201cNo son haitianos como se hab\u00eda pensado, son de muchas nacionalidades, son centroamericanos. Vienen caminando\u201d, expres\u00f3.<\/p>\n\n\n\n<p>El entrevistado detall\u00f3 que la caravana migrante se encuentra todav\u00eda en el estado de Chiapas y se ha ido disipando por las condiciones climatol\u00f3gicas, pues han tenido que soportar temperaturas superiores a los 40 grados cent\u00edgrados.<\/p>\n\n\n\n<p>\u201cEl reporte que nos ha dado el Instituto Nacional de Migraci\u00f3n es que la caravana se ha ido disminuyendo porque las inclemencias climatol\u00f3gicas que est\u00e1n sucediendo en Chiapas no les permite avanzar mucho\u201d.<\/p>\n\n\n\n<p>Los migrantes buscan llegar a la frontera norte de M\u00e9xico, para cruzar a Estados Unidos, en busca de oportunidades laborales y mejores condiciones de vida.<\/p>\n\n\n\n<p>El funcionario estatal record\u00f3 que la postura del gobierno de EEUU ha sido tajante y no permitir\u00e1 el ingreso de migrantes a su territorio nacional.<\/p>\n\n\n\n<p>Adem\u00e1s, indic\u00f3 que los centroamericanos han avanzado lentamente, recorriendo cerca de 110 kil\u00f3metros cada tres y, por ello, se estima que el pr\u00f3ximo lunes arriben a Medias Aguas, Acayucan y Las Choapas, al sur de la entidad.<\/p>\n\n\n\n<p>El Director de Atenci\u00f3n a Migrantes se\u00f1al\u00f3 que el gobierno de Veracruz ha instruido que los extranjeros reciban las atenciones necesarias en la entidad para que sean respetados sus derechos.<\/p>\n\n\n\n<p>\u201cTenemos que cuidar y preservar los derechos humanos de ellos, entonces estar siempre al pendiente. Cuando lleguen a Veracruz hacer e acompa\u00f1amiento que siempre llevamos a cabo\u201d, remat\u00f3 Escalante Igual.<\/p>\n","protected":false},"excerpt":{"rendered":"<p>Juan Arcos Xalapa, Ver.- Una caravana de unos 3 mil migrantes centroamericanos podr\u00eda arribar al territorio veracruzano el pr\u00f3ximo lunes 1 de noviembre. El director de Atenci\u00f3n a Migrantes, Carlos Enrique Escalante Igual, revel\u00f3 que se trata de personas procedentes de Guatemala, Honduras, Nicaragua, El Salvador y Venezuela. \u201cNo son haitianos como se hab\u00eda pensado, [&hellip;]<\/p>\n","protected":false},"author":1,"featured_media":19843,"comment_status":"open","ping_status":"open","sticky":false,"template":"","format":"standard","meta":{"_jetpack_memberships_contains_paid_content":false,"footnotes":""},"categories":[2],"tags":[],"class_list":["post-19842","post","type-post","status-publish","format-standard","has-post-thumbnail","hentry","category-estado"],"jetpack_featured_media_url":"https:\/\/encuentroinformativo.com.mx\/wp-content\/uploads\/2021\/10\/A5A53AC3-1D31-4617-B894-9F4126E8294A.jpeg","jetpack_sharing_enabled":true,"jetpack_likes_enabled":true,"amp_enabled":true,"_links":{"self":[{"href":"https:\/\/encuentroinformativo.com.mx\/index.php?rest_route=\/wp\/v2\/posts\/19842","targetHints":{"allow":["GET"]}}],"collection":[{"href":"https:\/\/encuentroinformativo.com.mx\/index.php?rest_route=\/wp\/v2\/posts"}],"about":[{"href":"https:\/\/encuentroinformativo.com.mx\/index.php?rest_route=\/wp\/v2\/types\/post"}],"author":[{"embeddable":true,"href":"https:\/\/encuentroinformativo.com.mx\/index.php?rest_route=\/wp\/v2\/users\/1"}],"replies":[{"embeddable":true,"href":"https:\/\/encuentroinformativo.com.mx\/index.php?rest_route=%2Fwp%2Fv2%2Fcomments&post=19842"}],"version-history":[{"count":1,"href":"https:\/\/encuentroinformativo.com.mx\/index.php?rest_route=\/wp\/v2\/posts\/19842\/revisions"}],"predecessor-version":[{"id":19844,"href":"https:\/\/encuentroinformativo.com.mx\/index.php?rest_route=\/wp\/v2\/posts\/19842\/revisions\/19844"}],"wp:featuredmedia":[{"embeddable":true,"href":"https:\/\/encuentroinformativo.com.mx\/index.php?rest_route=\/wp\/v2\/media\/19843"}],"wp:attachment":[{"href":"https:\/\/encuentroinformativo.com.mx\/index.php?rest_route=%2Fwp%2Fv2%2Fmedia&parent=19842"}],"wp:term":[{"taxonomy":"category","embeddable":true,"href":"https:\/\/encuentroinformativo.com.mx\/index.php?rest_route=%2Fwp%2Fv2%2Fcategories&post=19842"},{"taxonomy":"post_tag","embeddable":true,"href":"https:\/\/encuentroinformativo.com.mx\/index.php?rest_route=%2Fwp%2Fv2%2Ftags&post=19842"}],"curies":[{"name":"wp","href":"https:\/\/api.w.org\/{rel}","templated":true}]}}