{"id":19847,"date":"2021-10-29T12:09:44","date_gmt":"2021-10-29T17:09:44","guid":{"rendered":"https:\/\/encuentroinformativo.com.mx\/?p=19847"},"modified":"2021-10-29T12:09:47","modified_gmt":"2021-10-29T17:09:47","slug":"quimicos-retoman-protestas-en-sesver","status":"publish","type":"post","link":"https:\/\/encuentroinformativo.com.mx\/?p=19847","title":{"rendered":"Qu\u00edmicos retoman protestas en SESVER"},"content":{"rendered":"\n<p><strong>Juan Arcos<\/strong><\/p>\n\n\n\n<p>Xalapa, Ver.- Integrantes del Movimiento Nacional de Qu\u00edmicos tomaron las oficinas de la Secretar\u00eda de Salud de Veracruz, para exigir mejores condiciones laborales.<\/p>\n\n\n\n<p>Se trata de qu\u00edmicos de las diferentes partes del estado, adscritos a la dependencia estatal mencionada, quienes acusaron que les fueron asignados c\u00f3digos inferiores a su nivel acad\u00e9mico y funciones.<\/p>\n\n\n\n<p>Afuera de la dependencia estatal, ubicada sobre la\u00a0<a href=\"https:\/\/www.google.com\/maps\/search\/calle+Soconusco+n%C3%BAmero+31?entry=gmail&amp;source=g\">calle Soconusco n\u00famero 31<\/a>\u00a0de la colonia Aguacatal, en esta ciudad de Xalapa, sostuvieron lonas y pancartas donde se le\u00eda: \u201cdiscriminaci\u00f3n a los qu\u00edmicos, inclusi\u00f3n, profesionalizaci\u00f3n, \u201cpedimos ser incluidos en el programa estatal de profesionalizaci\u00f3n\u201d y \u201csomos qu\u00edmicos no t\u00e9cnicos\u201d.<\/p>\n\n\n\n<p>De acuerdo con la qu\u00edmica-cl\u00ednica Fabiola Geraldine Hern\u00e1ndez, una de los manifestantes, cerca de 500 trabajadores de la n\u00f3mina federal en Veracruz no fueron incluidos en la profesionalizaci\u00f3n.<\/p>\n\n\n\n<p>La entrevistada indic\u00f3 que ya se hab\u00eda dialogado con la subdirectora de Recursos Humanos, Alicia V\u00e1zquez Cuevas, con quien se acord\u00f3 apoyar al Movimiento Nacional de Qu\u00edmicos.<\/p>\n\n\n\n<p>\u201cSe iba a apoyar en ser recodificados, en esta ocasi\u00f3n sali\u00f3 esta convocatoria el d\u00eda 26 de este mes de octubre y no fuimos incluidos o beneficiados en la profesionalizaci\u00f3n\u201d.<\/p>\n\n\n\n<p>La especialista se\u00f1al\u00f3 que s\u00f3lo fueron beneficiados los trabajadores de base estatal con la recodificaci\u00f3n mencionada para acceder a mejores salarios y prestaciones laborales.<\/p>\n\n\n\n<p>\u201cVenimos a protestar para saber por qu\u00e9 no fuimos incluidos, fuimos excluidos de tal convocatoria y es por eso que nos estamos manifestando\u201d.<\/p>\n\n\n\n<p>Cabe recordar que los qu\u00edmicos laboran en distintos hospitales y en el laboratorio estatal de salud p\u00fablica, donde se procesan las muestras de SARS-COV-2 (COVID-19).<\/p>\n","protected":false},"excerpt":{"rendered":"<p>Juan Arcos Xalapa, Ver.- Integrantes del Movimiento Nacional de Qu\u00edmicos tomaron las oficinas de la Secretar\u00eda de Salud de Veracruz, para exigir mejores condiciones laborales. Se trata de qu\u00edmicos de las diferentes partes del estado, adscritos a la dependencia estatal mencionada, quienes acusaron que les fueron asignados c\u00f3digos inferiores a su nivel acad\u00e9mico y funciones. [&hellip;]<\/p>\n","protected":false},"author":1,"featured_media":19848,"comment_status":"open","ping_status":"open","sticky":false,"template":"","format":"standard","meta":{"_jetpack_memberships_contains_paid_content":false,"footnotes":""},"categories":[9],"tags":[],"class_list":["post-19847","post","type-post","status-publish","format-standard","has-post-thumbnail","hentry","category-salud"],"jetpack_featured_media_url":"https:\/\/encuentroinformativo.com.mx\/wp-content\/uploads\/2021\/10\/701837F2-6308-4D6E-B177-3116C39E4469.jpeg","jetpack_sharing_enabled":true,"jetpack_likes_enabled":true,"amp_enabled":true,"_links":{"self":[{"href":"https:\/\/encuentroinformativo.com.mx\/index.php?rest_route=\/wp\/v2\/posts\/19847","targetHints":{"allow":["GET"]}}],"collection":[{"href":"https:\/\/encuentroinformativo.com.mx\/index.php?rest_route=\/wp\/v2\/posts"}],"about":[{"href":"https:\/\/encuentroinformativo.com.mx\/index.php?rest_route=\/wp\/v2\/types\/post"}],"author":[{"embeddable":true,"href":"https:\/\/encuentroinformativo.com.mx\/index.php?rest_route=\/wp\/v2\/users\/1"}],"replies":[{"embeddable":true,"href":"https:\/\/encuentroinformativo.com.mx\/index.php?rest_route=%2Fwp%2Fv2%2Fcomments&post=19847"}],"version-history":[{"count":1,"href":"https:\/\/encuentroinformativo.com.mx\/index.php?rest_route=\/wp\/v2\/posts\/19847\/revisions"}],"predecessor-version":[{"id":19849,"href":"https:\/\/encuentroinformativo.com.mx\/index.php?rest_route=\/wp\/v2\/posts\/19847\/revisions\/19849"}],"wp:featuredmedia":[{"embeddable":true,"href":"https:\/\/encuentroinformativo.com.mx\/index.php?rest_route=\/wp\/v2\/media\/19848"}],"wp:attachment":[{"href":"https:\/\/encuentroinformativo.com.mx\/index.php?rest_route=%2Fwp%2Fv2%2Fmedia&parent=19847"}],"wp:term":[{"taxonomy":"category","embeddable":true,"href":"https:\/\/encuentroinformativo.com.mx\/index.php?rest_route=%2Fwp%2Fv2%2Fcategories&post=19847"},{"taxonomy":"post_tag","embeddable":true,"href":"https:\/\/encuentroinformativo.com.mx\/index.php?rest_route=%2Fwp%2Fv2%2Ftags&post=19847"}],"curies":[{"name":"wp","href":"https:\/\/api.w.org\/{rel}","templated":true}]}}