{"id":19850,"date":"2021-10-29T13:20:21","date_gmt":"2021-10-29T18:20:21","guid":{"rendered":"https:\/\/encuentroinformativo.com.mx\/?p=19850"},"modified":"2021-10-29T13:20:24","modified_gmt":"2021-10-29T18:20:24","slug":"niega-pt-haber-destapado-candidatos","status":"publish","type":"post","link":"https:\/\/encuentroinformativo.com.mx\/?p=19850","title":{"rendered":"Niega PT haber destapado candidatos"},"content":{"rendered":"\n<p><strong>Dar\u00edo Pale<\/strong> <\/p>\n\n\n\n<p>Xalapa, Ver.- Vicente Aguilar Aguilar Coordinador Estatal del Partido del Trabajo (PT), dio conocer que ellos no destaparon a nadie para la candidatura a la gobernatura al diputado federal Sergio Guti\u00e9rrez Luna ya que \u00e9l mismo no se han pronunciado como candidato.<\/p>\n\n\n\n<p>Entrevistado en las oficinas de su partido coment\u00f3 que esperan que la sala regional del del Tribunal Electoral del Poder Judicial de la Federaci\u00f3n (TEPJF), se apegue a derecho y esperan que la resoluci\u00f3n salga como la han aprobado tanto el OPLE como el TEV, ya que es importante darle estabilidad al estado.<\/p>\n\n\n\n<p>Coment\u00f3 que ya dialogaron con sus diputados y tendr\u00e1n una fracci\u00f3n parlamentaria junto con los diputados Bonifacio Castillo, Jos\u00e9 Lu\u00eds Tehuintle y Ram\u00f3n D\u00edaz donde este \u00faltimo ser\u00e1 el coordinador y est\u00e1n a la espera de la toma de protesta el pr\u00f3ximo viernes.<\/p>\n\n\n\n<p>Dio a conocer que como grupo parlamentario van a ser muy meticulosos, por lo que las iniciativas que presente el gobernador ser\u00e1n revisadas por los diputados y personas expertas en los temas.<\/p>\n\n\n\n<p>En otro orden de ideas, en lo que se refiere a las coaliciones para el 2024 aclar\u00f3 que &#8220;el PT no apoya como candidato al compa\u00f1ero diputado, una por que \u00e9l no se ha nombrado ni se ha dicho candidato, por lo que esa nota no la entiendo, lo que sucede es que nosotros como Partido del Trabajo vamos a tener nuestro propio aspirante y lo vamos a meter en el seno de la alianza si vamos en alianza&#8221;, coment\u00f3.<\/p>\n\n\n\n<p>Hasta el momento no han escuchado que el diputado Sergio se haya pronunciado como candidato, no obstante el tiene derecho de transitar libremente en el estado como diputado federal.<\/p>\n\n\n\n<p>Finalmente dio a conocer que el diputado viene a apoyar al gobierno federal est\u00e1 trabajando para la cuarta transformaci\u00f3n del gobierno federal y no trastoca el trabajo del gobierno estatal.\u00a0<\/p>\n","protected":false},"excerpt":{"rendered":"<p>Dar\u00edo Pale Xalapa, Ver.- Vicente Aguilar Aguilar Coordinador Estatal del Partido del Trabajo (PT), dio conocer que ellos no destaparon a nadie para la candidatura a la gobernatura al diputado federal Sergio Guti\u00e9rrez Luna ya que \u00e9l mismo no se han pronunciado como candidato. Entrevistado en las oficinas de su partido coment\u00f3 que esperan que [&hellip;]<\/p>\n","protected":false},"author":1,"featured_media":19851,"comment_status":"open","ping_status":"open","sticky":false,"template":"","format":"standard","meta":{"_jetpack_memberships_contains_paid_content":false,"footnotes":""},"categories":[2],"tags":[],"class_list":["post-19850","post","type-post","status-publish","format-standard","has-post-thumbnail","hentry","category-estado"],"jetpack_featured_media_url":"https:\/\/encuentroinformativo.com.mx\/wp-content\/uploads\/2021\/10\/9A86D70B-1C8C-4FC1-9E14-ABC276D48BFA.jpeg","jetpack_sharing_enabled":true,"jetpack_likes_enabled":true,"amp_enabled":true,"_links":{"self":[{"href":"https:\/\/encuentroinformativo.com.mx\/index.php?rest_route=\/wp\/v2\/posts\/19850","targetHints":{"allow":["GET"]}}],"collection":[{"href":"https:\/\/encuentroinformativo.com.mx\/index.php?rest_route=\/wp\/v2\/posts"}],"about":[{"href":"https:\/\/encuentroinformativo.com.mx\/index.php?rest_route=\/wp\/v2\/types\/post"}],"author":[{"embeddable":true,"href":"https:\/\/encuentroinformativo.com.mx\/index.php?rest_route=\/wp\/v2\/users\/1"}],"replies":[{"embeddable":true,"href":"https:\/\/encuentroinformativo.com.mx\/index.php?rest_route=%2Fwp%2Fv2%2Fcomments&post=19850"}],"version-history":[{"count":1,"href":"https:\/\/encuentroinformativo.com.mx\/index.php?rest_route=\/wp\/v2\/posts\/19850\/revisions"}],"predecessor-version":[{"id":19852,"href":"https:\/\/encuentroinformativo.com.mx\/index.php?rest_route=\/wp\/v2\/posts\/19850\/revisions\/19852"}],"wp:featuredmedia":[{"embeddable":true,"href":"https:\/\/encuentroinformativo.com.mx\/index.php?rest_route=\/wp\/v2\/media\/19851"}],"wp:attachment":[{"href":"https:\/\/encuentroinformativo.com.mx\/index.php?rest_route=%2Fwp%2Fv2%2Fmedia&parent=19850"}],"wp:term":[{"taxonomy":"category","embeddable":true,"href":"https:\/\/encuentroinformativo.com.mx\/index.php?rest_route=%2Fwp%2Fv2%2Fcategories&post=19850"},{"taxonomy":"post_tag","embeddable":true,"href":"https:\/\/encuentroinformativo.com.mx\/index.php?rest_route=%2Fwp%2Fv2%2Ftags&post=19850"}],"curies":[{"name":"wp","href":"https:\/\/api.w.org\/{rel}","templated":true}]}}