{"id":19859,"date":"2021-10-30T14:53:19","date_gmt":"2021-10-30T19:53:19","guid":{"rendered":"https:\/\/encuentroinformativo.com.mx\/?p=19859"},"modified":"2021-10-30T14:53:23","modified_gmt":"2021-10-30T19:53:23","slug":"por-todos-santos-repunta-ocupacion-hotelera-en-veracruz","status":"publish","type":"post","link":"https:\/\/encuentroinformativo.com.mx\/?p=19859","title":{"rendered":"Por Todos Santos, repunta ocupaci\u00f3n hotelera en Veracruz"},"content":{"rendered":"\n<p><strong>Dar\u00edo Pale<\/strong><\/p>\n\n\n\n<p>Xalapa, Ver.- Iv\u00e1n Francisco Mart\u00ednez Olvera subsecretario de Promoci\u00f3n y Atenci\u00f3n Tur\u00edstica de la Secretar\u00eda de Turismo dio a conocer que debido a las festividades de Todos Santos se incremente la ocupaci\u00f3n hotelera en el estado.<\/p>\n\n\n\n<p>En entrevista se\u00f1al\u00f3 que por el puente del D\u00eda de Muertos calculan que habr\u00e1 muy buenos n\u00fameros para el repunte de la econom\u00eda del estado con las festividades de Todos Santos en todo el estado.<\/p>\n\n\n\n<p>Esto gracias a que hay diferentes festivales en los parques como lo es en Papantla, en Tempoal el festival de Xantolo, entre algunos otros lugares m\u00e1s por o que los prestadores de servicios tur\u00edsticos est\u00e1n ofertando diferentes alternativas a los turistas.<\/p>\n\n\n\n<p>Con lo anterior esperan reactivar m\u00e1s las actividades econ\u00f3micas en todo el estado, ya que tienen grandes expectativa por lo que esperan que la ocupaci\u00f3n hotelera se encuentre un 20 por ciento arriba de los niveles que estaban trabajando, pero var\u00eda por las zonas.<\/p>\n\n\n\n<p>Finalmente se\u00f1al\u00f3 que hay lugares donde ya ten\u00edan una ocupaci\u00f3n del 50 y 60 por ciento y esperan que se incremente m\u00e1s en el transcurso del fin de semana.\u00a0<\/p>\n","protected":false},"excerpt":{"rendered":"<p>Dar\u00edo Pale Xalapa, Ver.- Iv\u00e1n Francisco Mart\u00ednez Olvera subsecretario de Promoci\u00f3n y Atenci\u00f3n Tur\u00edstica de la Secretar\u00eda de Turismo dio a conocer que debido a las festividades de Todos Santos se incremente la ocupaci\u00f3n hotelera en el estado. En entrevista se\u00f1al\u00f3 que por el puente del D\u00eda de Muertos calculan que habr\u00e1 muy buenos n\u00fameros [&hellip;]<\/p>\n","protected":false},"author":1,"featured_media":19860,"comment_status":"open","ping_status":"open","sticky":false,"template":"","format":"standard","meta":{"_jetpack_memberships_contains_paid_content":false,"footnotes":""},"categories":[2],"tags":[],"class_list":["post-19859","post","type-post","status-publish","format-standard","has-post-thumbnail","hentry","category-estado"],"jetpack_featured_media_url":"https:\/\/encuentroinformativo.com.mx\/wp-content\/uploads\/2021\/10\/9ACBBC6D-5F0A-4C96-82D9-DABF22C8EB98.jpeg","jetpack_sharing_enabled":true,"jetpack_likes_enabled":true,"amp_enabled":true,"_links":{"self":[{"href":"https:\/\/encuentroinformativo.com.mx\/index.php?rest_route=\/wp\/v2\/posts\/19859","targetHints":{"allow":["GET"]}}],"collection":[{"href":"https:\/\/encuentroinformativo.com.mx\/index.php?rest_route=\/wp\/v2\/posts"}],"about":[{"href":"https:\/\/encuentroinformativo.com.mx\/index.php?rest_route=\/wp\/v2\/types\/post"}],"author":[{"embeddable":true,"href":"https:\/\/encuentroinformativo.com.mx\/index.php?rest_route=\/wp\/v2\/users\/1"}],"replies":[{"embeddable":true,"href":"https:\/\/encuentroinformativo.com.mx\/index.php?rest_route=%2Fwp%2Fv2%2Fcomments&post=19859"}],"version-history":[{"count":1,"href":"https:\/\/encuentroinformativo.com.mx\/index.php?rest_route=\/wp\/v2\/posts\/19859\/revisions"}],"predecessor-version":[{"id":19861,"href":"https:\/\/encuentroinformativo.com.mx\/index.php?rest_route=\/wp\/v2\/posts\/19859\/revisions\/19861"}],"wp:featuredmedia":[{"embeddable":true,"href":"https:\/\/encuentroinformativo.com.mx\/index.php?rest_route=\/wp\/v2\/media\/19860"}],"wp:attachment":[{"href":"https:\/\/encuentroinformativo.com.mx\/index.php?rest_route=%2Fwp%2Fv2%2Fmedia&parent=19859"}],"wp:term":[{"taxonomy":"category","embeddable":true,"href":"https:\/\/encuentroinformativo.com.mx\/index.php?rest_route=%2Fwp%2Fv2%2Fcategories&post=19859"},{"taxonomy":"post_tag","embeddable":true,"href":"https:\/\/encuentroinformativo.com.mx\/index.php?rest_route=%2Fwp%2Fv2%2Ftags&post=19859"}],"curies":[{"name":"wp","href":"https:\/\/api.w.org\/{rel}","templated":true}]}}