{"id":19865,"date":"2021-10-30T20:00:05","date_gmt":"2021-10-31T01:00:05","guid":{"rendered":"https:\/\/encuentroinformativo.com.mx\/?p=19865"},"modified":"2021-10-30T20:00:09","modified_gmt":"2021-10-31T01:00:09","slug":"vuelan-globos-de-papel-en-zocalo-de-veracruz","status":"publish","type":"post","link":"https:\/\/encuentroinformativo.com.mx\/?p=19865","title":{"rendered":"Vuelan globos de papel en z\u00f3calo de Veracruz"},"content":{"rendered":"\n<p><strong>Alejandro \u00c1vila<\/strong><\/p>\n\n\n\n<p>Veracruz, Ver.- Este s\u00e1bado por la tarde se expusieron 16 globos monumentales de papel en el z\u00f3calo de la ciudad de Veracruz, en el marco de las festividades de D\u00eda de Muertos que organiza el Ayuntamiento de Veracruz.<\/p>\n\n\n\n<p>Elgner Isa\u00ed Sainz P\u00e9rez, representante del Festival Internacional del Globo de Papel de San Andr\u00e9s Tuxtla, destac\u00f3 que fue la Asociaci\u00f3n de Hoteles y Moteles de Veracruz quien patrocin\u00f3 a cada barrio sanandresino para realizar la artesan\u00eda; por ello cada globo present\u00f3 una publicidad.<\/p>\n\n\n\n<p>Estos globos fueron hechos exclusivamente para este evento, por lo que todos eran alusivos al D\u00eda de Muertos.<\/p>\n\n\n\n<p>&#8220;Variamos, pueden ser de 15 d\u00edas a un mes, dependiendo de cuanto detalle tenga el globo, porque puedes apreciar es puro papel de china recortado a mano, por manos artesanas veracruzanas, es trazado a mano, dibujado a mano, posteriorme te cortado y pegado&#8221;, coment\u00f3.<\/p>\n\n\n\n<p>El nacido en el barrio San Francisco record\u00f3 que cada a\u00f1o participan en el Festival Internacional del Globo de Papel en San Andres Tuxtla en el mes de septiembre, mismo que por el momento est\u00e1 suspendido por la pandemia, pero a pesar de ello, cada determinado tiempo, ellos elevan en sus respectivos barrios sus globos para mantener la tradici\u00f3n.<\/p>\n\n\n\n<p>Los artesanos sanadresinos han presentado sus obras en Papantla en Cumbre Taj\u00edn, as\u00ed como otras festividades en C\u00f3rdoba, Zozocolco, Minatitl\u00e1n, Coatzacoalcos; y Paracho en Michoacan.<\/p>\n\n\n\n<p>&#8220;Incluso hay compa\u00f1eros que han viajado al extranjero, han participado ya en otras partes (\u2026) var\u00eda desde dos metros, cinco metros, seis metros, hay de 18 metros, var\u00eda mucho el metraje&#8221;, explic\u00f3.<br><\/p>\n\n\n\n<figure class=\"wp-block-image size-large\"><img loading=\"lazy\" decoding=\"async\" width=\"1024\" height=\"682\" src=\"https:\/\/encuentroinformativo.com.mx\/wp-content\/uploads\/2021\/10\/916FE69E-A3F7-4DF5-84A5-111168E650EE-1024x682.jpeg\" alt=\"\" class=\"wp-image-19867\" srcset=\"https:\/\/encuentroinformativo.com.mx\/wp-content\/uploads\/2021\/10\/916FE69E-A3F7-4DF5-84A5-111168E650EE-1024x682.jpeg 1024w, https:\/\/encuentroinformativo.com.mx\/wp-content\/uploads\/2021\/10\/916FE69E-A3F7-4DF5-84A5-111168E650EE-300x200.jpeg 300w, https:\/\/encuentroinformativo.com.mx\/wp-content\/uploads\/2021\/10\/916FE69E-A3F7-4DF5-84A5-111168E650EE-768x512.jpeg 768w, https:\/\/encuentroinformativo.com.mx\/wp-content\/uploads\/2021\/10\/916FE69E-A3F7-4DF5-84A5-111168E650EE.jpeg 1280w\" sizes=\"auto, (max-width: 1024px) 100vw, 1024px\" \/><\/figure>\n","protected":false},"excerpt":{"rendered":"<p>Alejandro \u00c1vila Veracruz, Ver.- Este s\u00e1bado por la tarde se expusieron 16 globos monumentales de papel en el z\u00f3calo de la ciudad de Veracruz, en el marco de las festividades de D\u00eda de Muertos que organiza el Ayuntamiento de Veracruz. Elgner Isa\u00ed Sainz P\u00e9rez, representante del Festival Internacional del Globo de Papel de San Andr\u00e9s [&hellip;]<\/p>\n","protected":false},"author":1,"featured_media":19866,"comment_status":"open","ping_status":"open","sticky":false,"template":"","format":"standard","meta":{"_jetpack_memberships_contains_paid_content":false,"footnotes":""},"categories":[2],"tags":[],"class_list":["post-19865","post","type-post","status-publish","format-standard","has-post-thumbnail","hentry","category-estado"],"jetpack_featured_media_url":"https:\/\/encuentroinformativo.com.mx\/wp-content\/uploads\/2021\/10\/6E574990-2A85-4991-998A-AA07684975C9.jpeg","jetpack_sharing_enabled":true,"jetpack_likes_enabled":true,"amp_enabled":true,"_links":{"self":[{"href":"https:\/\/encuentroinformativo.com.mx\/index.php?rest_route=\/wp\/v2\/posts\/19865","targetHints":{"allow":["GET"]}}],"collection":[{"href":"https:\/\/encuentroinformativo.com.mx\/index.php?rest_route=\/wp\/v2\/posts"}],"about":[{"href":"https:\/\/encuentroinformativo.com.mx\/index.php?rest_route=\/wp\/v2\/types\/post"}],"author":[{"embeddable":true,"href":"https:\/\/encuentroinformativo.com.mx\/index.php?rest_route=\/wp\/v2\/users\/1"}],"replies":[{"embeddable":true,"href":"https:\/\/encuentroinformativo.com.mx\/index.php?rest_route=%2Fwp%2Fv2%2Fcomments&post=19865"}],"version-history":[{"count":1,"href":"https:\/\/encuentroinformativo.com.mx\/index.php?rest_route=\/wp\/v2\/posts\/19865\/revisions"}],"predecessor-version":[{"id":19868,"href":"https:\/\/encuentroinformativo.com.mx\/index.php?rest_route=\/wp\/v2\/posts\/19865\/revisions\/19868"}],"wp:featuredmedia":[{"embeddable":true,"href":"https:\/\/encuentroinformativo.com.mx\/index.php?rest_route=\/wp\/v2\/media\/19866"}],"wp:attachment":[{"href":"https:\/\/encuentroinformativo.com.mx\/index.php?rest_route=%2Fwp%2Fv2%2Fmedia&parent=19865"}],"wp:term":[{"taxonomy":"category","embeddable":true,"href":"https:\/\/encuentroinformativo.com.mx\/index.php?rest_route=%2Fwp%2Fv2%2Fcategories&post=19865"},{"taxonomy":"post_tag","embeddable":true,"href":"https:\/\/encuentroinformativo.com.mx\/index.php?rest_route=%2Fwp%2Fv2%2Ftags&post=19865"}],"curies":[{"name":"wp","href":"https:\/\/api.w.org\/{rel}","templated":true}]}}