{"id":19872,"date":"2021-10-31T13:36:41","date_gmt":"2021-10-31T19:36:41","guid":{"rendered":"https:\/\/encuentroinformativo.com.mx\/?p=19872"},"modified":"2021-10-31T13:36:45","modified_gmt":"2021-10-31T19:36:45","slug":"colectivos-instalan-altar-en-memoria-de-personas-sin-identificar","status":"publish","type":"post","link":"https:\/\/encuentroinformativo.com.mx\/?p=19872","title":{"rendered":"Colectivos instalan altar en memoria de personas sin identificar"},"content":{"rendered":"\n<p><strong>Juan Arcos<\/strong><\/p>\n\n\n\n<p>Xalapa, Ver.- Familiares de desaparecidos colocaron un altar de muertos frente a Palacio de Gobierno en honor a las personas que han sido encontradas en fosas clandestinas del estado de Veracruz y no han sido identificadas.<\/p>\n\n\n\n<p>Los integrantes del colectivo Buscando a Nuestros Desaparecidos y Desaparecidas Veracruz colocaron fotograf\u00edas de mujeres y hombres extraviados sobre las escalinatas de la Catedral Metropolitana de Xalapa.<\/p>\n\n\n\n<p>Acompa\u00f1aron las im\u00e1genes con flor de cempas\u00fachil, veladoras, pan de muerto y otros alimentos sobre Plaza Sebasti\u00e1n Lerdo de Tejada, donde tambi\u00e9n escribieron frases en memoria de sus seres queridos.<\/p>\n\n\n\n<p>Lo anterior como parte de una protesta para exigir a las autoridades correspondientes que agilicen los trabajos para la identificaci\u00f3n de cuerpos en la entidad.<\/p>\n\n\n\n<p>De acuerdo con Mar\u00eda Elena Guti\u00e9rrez, quien busca a su sobrino Rafael Espinosa Guti\u00e9rrez, desaparecido desde el 15 de agosto de 2013, el D\u00eda de Muertos o Todos Santos es una fecha complicada para las familias de personas no localizadas.<\/p>\n\n\n\n<p>\u201cFue una actividad muy pensada porque quer\u00edamos poner el altar pero nuestros desaparecidos y desaparecidas no sabemos si est\u00e1n vivos o fallecidos. Entonces es un altar pensando en tantos restos \u00f3seos que hemos encontrado, que se han recuperado y que no tienen identificaci\u00f3n, que no tienen a quien entregarlos\u201d, coment\u00f3.<\/p>\n\n\n\n<p>Los restos humanos han sido hallados en diversas fosas clandestinas, como La Gallera, en Tihuatl\u00e1n; en el fraccionamiento Colinas de Santa Fe, puerto de Veracruz; Arbolillo, municipio de Alvarado; as\u00ed como en predios del municipio de Tierra Blanca y otros puntos.<\/p>\n\n\n\n<p>Los familiares de desaparecidos mencionaron que las autoridades de la Fiscal\u00eda General del Estado (FGE) son las responsables de la identificaci\u00f3n de los cuerpos encontrados en cementerios clandestinos.<\/p>\n\n\n\n<p>\u201cSon pocos cuerpos identificados los que se han entregado a las familias. Para eso es este altar, para recordar que muchas y muchos no han sido identificados\u201d, enfatiz\u00f3 Mar\u00eda Elena Guti\u00e9rrez.<\/p>\n","protected":false},"excerpt":{"rendered":"<p>Juan Arcos Xalapa, Ver.- Familiares de desaparecidos colocaron un altar de muertos frente a Palacio de Gobierno en honor a las personas que han sido encontradas en fosas clandestinas del estado de Veracruz y no han sido identificadas. Los integrantes del colectivo Buscando a Nuestros Desaparecidos y Desaparecidas Veracruz colocaron fotograf\u00edas de mujeres y hombres [&hellip;]<\/p>\n","protected":false},"author":1,"featured_media":19873,"comment_status":"open","ping_status":"open","sticky":false,"template":"","format":"standard","meta":{"_jetpack_memberships_contains_paid_content":false,"footnotes":""},"categories":[3],"tags":[],"class_list":["post-19872","post","type-post","status-publish","format-standard","has-post-thumbnail","hentry","category-xalapa"],"jetpack_featured_media_url":"https:\/\/encuentroinformativo.com.mx\/wp-content\/uploads\/2021\/10\/1D71E6AF-0D8F-49B1-A70E-39E1A34B1C86.jpeg","jetpack_sharing_enabled":true,"jetpack_likes_enabled":true,"amp_enabled":true,"_links":{"self":[{"href":"https:\/\/encuentroinformativo.com.mx\/index.php?rest_route=\/wp\/v2\/posts\/19872","targetHints":{"allow":["GET"]}}],"collection":[{"href":"https:\/\/encuentroinformativo.com.mx\/index.php?rest_route=\/wp\/v2\/posts"}],"about":[{"href":"https:\/\/encuentroinformativo.com.mx\/index.php?rest_route=\/wp\/v2\/types\/post"}],"author":[{"embeddable":true,"href":"https:\/\/encuentroinformativo.com.mx\/index.php?rest_route=\/wp\/v2\/users\/1"}],"replies":[{"embeddable":true,"href":"https:\/\/encuentroinformativo.com.mx\/index.php?rest_route=%2Fwp%2Fv2%2Fcomments&post=19872"}],"version-history":[{"count":1,"href":"https:\/\/encuentroinformativo.com.mx\/index.php?rest_route=\/wp\/v2\/posts\/19872\/revisions"}],"predecessor-version":[{"id":19874,"href":"https:\/\/encuentroinformativo.com.mx\/index.php?rest_route=\/wp\/v2\/posts\/19872\/revisions\/19874"}],"wp:featuredmedia":[{"embeddable":true,"href":"https:\/\/encuentroinformativo.com.mx\/index.php?rest_route=\/wp\/v2\/media\/19873"}],"wp:attachment":[{"href":"https:\/\/encuentroinformativo.com.mx\/index.php?rest_route=%2Fwp%2Fv2%2Fmedia&parent=19872"}],"wp:term":[{"taxonomy":"category","embeddable":true,"href":"https:\/\/encuentroinformativo.com.mx\/index.php?rest_route=%2Fwp%2Fv2%2Fcategories&post=19872"},{"taxonomy":"post_tag","embeddable":true,"href":"https:\/\/encuentroinformativo.com.mx\/index.php?rest_route=%2Fwp%2Fv2%2Ftags&post=19872"}],"curies":[{"name":"wp","href":"https:\/\/api.w.org\/{rel}","templated":true}]}}