{"id":19875,"date":"2021-10-31T15:46:06","date_gmt":"2021-10-31T21:46:06","guid":{"rendered":"https:\/\/encuentroinformativo.com.mx\/?p=19875"},"modified":"2021-10-31T15:46:09","modified_gmt":"2021-10-31T21:46:09","slug":"amanc-expande-su-recaudacion-a-tlalixcoyan","status":"publish","type":"post","link":"https:\/\/encuentroinformativo.com.mx\/?p=19875","title":{"rendered":"AMANC expande su recaudaci\u00f3n a Tlalixcoyan"},"content":{"rendered":"\n<p><strong>Alejandro \u00c1vila<\/strong><\/p>\n\n\n\n<p>Tlalixcoyan, Ver.- La Asoacici\u00f3n Mexicana de Ayuda a Ni\u00f1os con C\u00e1ncer (AMANC) expandir\u00e1 sus recaudaciones y llegar\u00e1 al municipio de Tlalixcoyan, gracias al apoyo de la delegaci\u00f3n en Piedras Negras de CANACO.<\/p>\n\n\n\n<p>A partir de este s\u00e1bado 30 de octubre y durante todo el mes de noviembre, se instalar\u00e1 un contenedor en forma de coraz\u00f3n, mismo que estar\u00e1 intinerante en todo el municipio, para que empresarios y sociedad civil recolecten ah\u00ed tapas de plastico, que ayudar\u00e1n a ni\u00f1os con c\u00e1ncer, destac\u00f3 el presidente de CANACO Piedras Negras, Juan Luis Guti\u00e9rrez Castro.<\/p>\n\n\n\n<p>&#8220;Vamos a invitar a que con esto, todos los empresarios agremiados a Canaco y los dem\u00e1s empresarios en general de la zona de Piedras Negras, puedan sumarse a apoyar con las tapitas de las botellas, porque hay mucho comercio, muchos locales que inclusive no saben donde tirarlas, si las tiran a la basura, pues es como un desperdicio. Entonces toda la gente que tiene comercio o negocio que genere este tipo de servicio por as\u00ed llamarlo, los pudieran utilizar de una manera optima, de una manera que puedan ayudar a los ni\u00f1os con c\u00e1ncer&#8221;, subray\u00f3 Guti\u00e9rrez Castro.<\/p>\n\n\n\n<p>Este s\u00e1bado en el Rancho Amarillo y en compa\u00f1ia de Susana Lara, presidenta de AMANC Veracruz, se llev\u00f3 a cabo la presentaci\u00f3n del programa altruista, mismo que es una primera etapa, pues posteriormente se instalar\u00e1 en el municipio de Ignacio de la Llave.<\/p>\n\n\n\n<p>Esta es solo la primer acci\u00f3n que realizar\u00e1n en conjunto CANACO Piedras Negras y AMANC Veracruz, durante el discurso se mencion\u00f3 que existen m\u00e1s proyectos a desarrollar en pr\u00f3ximas fechas para ayudar a los ni\u00f1os con c\u00e1ncer.<\/p>\n","protected":false},"excerpt":{"rendered":"<p>Alejandro \u00c1vila Tlalixcoyan, Ver.- La Asoacici\u00f3n Mexicana de Ayuda a Ni\u00f1os con C\u00e1ncer (AMANC) expandir\u00e1 sus recaudaciones y llegar\u00e1 al municipio de Tlalixcoyan, gracias al apoyo de la delegaci\u00f3n en Piedras Negras de CANACO. A partir de este s\u00e1bado 30 de octubre y durante todo el mes de noviembre, se instalar\u00e1 un contenedor en forma [&hellip;]<\/p>\n","protected":false},"author":1,"featured_media":19876,"comment_status":"open","ping_status":"open","sticky":false,"template":"","format":"standard","meta":{"_jetpack_memberships_contains_paid_content":false,"footnotes":""},"categories":[2],"tags":[],"class_list":["post-19875","post","type-post","status-publish","format-standard","has-post-thumbnail","hentry","category-estado"],"jetpack_featured_media_url":"https:\/\/encuentroinformativo.com.mx\/wp-content\/uploads\/2021\/10\/2C4FC45C-D15F-41EA-95C6-F3172ED003CE.jpeg","jetpack_sharing_enabled":true,"jetpack_likes_enabled":true,"amp_enabled":true,"_links":{"self":[{"href":"https:\/\/encuentroinformativo.com.mx\/index.php?rest_route=\/wp\/v2\/posts\/19875","targetHints":{"allow":["GET"]}}],"collection":[{"href":"https:\/\/encuentroinformativo.com.mx\/index.php?rest_route=\/wp\/v2\/posts"}],"about":[{"href":"https:\/\/encuentroinformativo.com.mx\/index.php?rest_route=\/wp\/v2\/types\/post"}],"author":[{"embeddable":true,"href":"https:\/\/encuentroinformativo.com.mx\/index.php?rest_route=\/wp\/v2\/users\/1"}],"replies":[{"embeddable":true,"href":"https:\/\/encuentroinformativo.com.mx\/index.php?rest_route=%2Fwp%2Fv2%2Fcomments&post=19875"}],"version-history":[{"count":1,"href":"https:\/\/encuentroinformativo.com.mx\/index.php?rest_route=\/wp\/v2\/posts\/19875\/revisions"}],"predecessor-version":[{"id":19877,"href":"https:\/\/encuentroinformativo.com.mx\/index.php?rest_route=\/wp\/v2\/posts\/19875\/revisions\/19877"}],"wp:featuredmedia":[{"embeddable":true,"href":"https:\/\/encuentroinformativo.com.mx\/index.php?rest_route=\/wp\/v2\/media\/19876"}],"wp:attachment":[{"href":"https:\/\/encuentroinformativo.com.mx\/index.php?rest_route=%2Fwp%2Fv2%2Fmedia&parent=19875"}],"wp:term":[{"taxonomy":"category","embeddable":true,"href":"https:\/\/encuentroinformativo.com.mx\/index.php?rest_route=%2Fwp%2Fv2%2Fcategories&post=19875"},{"taxonomy":"post_tag","embeddable":true,"href":"https:\/\/encuentroinformativo.com.mx\/index.php?rest_route=%2Fwp%2Fv2%2Ftags&post=19875"}],"curies":[{"name":"wp","href":"https:\/\/api.w.org\/{rel}","templated":true}]}}